{"id":5002,"date":"2018-12-08T19:00:40","date_gmt":"2018-12-08T19:00:40","guid":{"rendered":"https:\/\/www.etacarinae.org\/relazione-attivita-svolta-dal-coordinamento-free-dal-21-giugno-all8-novembre-2018\/"},"modified":"2022-02-15T16:09:38","modified_gmt":"2022-02-15T15:09:38","slug":"relazione-attivita-svolta-dal-coordinamento-free-dal-21-giugno-all8-novembre-2018","status":"publish","type":"post","link":"https:\/\/www.etacarinae.org\/fr\/relazione-attivita-svolta-dal-coordinamento-free-dal-21-giugno-all8-novembre-2018\/","title":{"rendered":"RAPPORT D&rsquo;ACTIVIT\u00c9 R\u00c9ALIS\u00c9 PAR LA COORDINATION LIBRE DU 21 JUIN AU 8 NOVEMBRE 2018"},"content":{"rendered":"<p>Rapport sur les activit\u00e9s men\u00e9es par la Coordination FREE<\/p>\n<p>Vous trouverez ci-joint le rapport sur les activit\u00e9s men\u00e9es par la Coordination FREE du 21 juin 2018 au 8 novembre 2018, pr\u00e9sent\u00e9 par le Pr\u00e9sident GB Zorzoli \u00e0 l&rsquo;Assembl\u00e9e g\u00e9n\u00e9rale ordinaire des membres de la Coordination FREE tenue le 8 novembre 2018 \u00e0 la Fiera di Rimini \u00e0 l&rsquo;occasion du salon Ecomondo. \u00c9nergie cl\u00e9.<\/p>\n<p>Pi\u00e8ces jointes:<br \/>\n\u2022 report-assembly-08-11-2018_def (pdf 675 KB)<\/p>\n<p>Source:<\/p>\n","protected":false},"excerpt":{"rendered":"<p>Rapport sur les activit\u00e9s men\u00e9es par la Coordination FREE Vous trouverez ci-joint le rapport sur les activit\u00e9s men\u00e9es par la Coordination FREE du 21 juin 2018 au 8 novembre 2018, [&hellip;]<\/p>\n","protected":false},"author":6,"featured_media":4179,"comment_status":"closed","ping_status":"closed","sticky":false,"template":"","format":"standard","meta":{"_et_pb_use_builder":"","_et_pb_old_content":"","_et_gb_content_width":"","footnotes":""},"categories":[614],"tags":[],"class_list":["post-5002","post","type-post","status-publish","format-standard","has-post-thumbnail","hentry","category-relations-de-coordination-libres"],"yoast_head":"<!-- This site is optimized with the Yoast SEO plugin v26.4 - https:\/\/yoast.com\/wordpress\/plugins\/seo\/ -->\n<title>RAPPORT D&#039;ACTIVIT\u00c9 R\u00c9ALIS\u00c9 PAR LA COORDINATION LIBRE DU 21 JUIN AU 8 NOVEMBRE 2018 - Etacarinae S.r.l.<\/title>\n<meta name=\"robots\" content=\"index, follow, max-snippet:-1, max-image-preview:large, max-video-preview:-1\" \/>\n<link rel=\"canonical\" href=\"https:\/\/www.etacarinae.org\/fr\/relazione-attivita-svolta-dal-coordinamento-free-dal-21-giugno-all8-novembre-2018\/\" \/>\n<meta property=\"og:locale\" content=\"fr_FR\" \/>\n<meta property=\"og:type\" content=\"article\" \/>\n<meta property=\"og:title\" content=\"RAPPORT D&#039;ACTIVIT\u00c9 R\u00c9ALIS\u00c9 PAR LA COORDINATION LIBRE DU 21 JUIN AU 8 NOVEMBRE 2018 - Etacarinae S.r.l.\" \/>\n<meta property=\"og:description\" content=\"Rapport sur les activit\u00e9s men\u00e9es par la Coordination FREE Vous trouverez ci-joint le rapport sur les activit\u00e9s men\u00e9es par la Coordination FREE du 21 juin 2018 au 8 novembre 2018, [&hellip;]\" \/>\n<meta property=\"og:url\" content=\"https:\/\/www.etacarinae.org\/fr\/relazione-attivita-svolta-dal-coordinamento-free-dal-21-giugno-all8-novembre-2018\/\" \/>\n<meta property=\"og:site_name\" content=\"Etacarinae S.r.l.\" \/>\n<meta property=\"article:publisher\" content=\"https:\/\/it-it.facebook.com\/etacarinaesrl\/\" \/>\n<meta property=\"article:published_time\" content=\"2018-12-08T19:00:40+00:00\" \/>\n<meta property=\"article:modified_time\" content=\"2022-02-15T15:09:38+00:00\" \/>\n<meta property=\"og:image\" content=\"https:\/\/www.etacarinae.org\/wp-content\/uploads\/2018\/11\/sole-amico.jpg\" \/>\n\t<meta property=\"og:image:width\" content=\"800\" \/>\n\t<meta property=\"og:image:height\" content=\"445\" \/>\n\t<meta property=\"og:image:type\" content=\"image\/jpeg\" \/>\n<meta name=\"author\" content=\"fedeetsperanza\" \/>\n<meta name=\"twitter:label1\" content=\"\u00c9crit par\" \/>\n\t<meta name=\"twitter:data1\" content=\"fedeetsperanza\" \/>\n<script type=\"application\/ld+json\" class=\"yoast-schema-graph\">{\"@context\":\"https:\/\/schema.org\",\"@graph\":[{\"@type\":\"Article\",\"@id\":\"https:\/\/www.etacarinae.org\/fr\/relazione-attivita-svolta-dal-coordinamento-free-dal-21-giugno-all8-novembre-2018\/#article\",\"isPartOf\":{\"@id\":\"https:\/\/www.etacarinae.org\/fr\/relazione-attivita-svolta-dal-coordinamento-free-dal-21-giugno-all8-novembre-2018\/\"},\"author\":{\"name\":\"fedeetsperanza\",\"@id\":\"https:\/\/www.etacarinae.org\/fr\/#\/schema\/person\/0dbda2de310543fffb19764bebdd432b\"},\"headline\":\"RAPPORT D&rsquo;ACTIVIT\u00c9 R\u00c9ALIS\u00c9 PAR LA COORDINATION LIBRE DU 21 JUIN AU 8 NOVEMBRE 2018\",\"datePublished\":\"2018-12-08T19:00:40+00:00\",\"dateModified\":\"2022-02-15T15:09:38+00:00\",\"mainEntityOfPage\":{\"@id\":\"https:\/\/www.etacarinae.org\/fr\/relazione-attivita-svolta-dal-coordinamento-free-dal-21-giugno-all8-novembre-2018\/\"},\"wordCount\":85,\"publisher\":{\"@id\":\"https:\/\/www.etacarinae.org\/fr\/#organization\"},\"image\":{\"@id\":\"https:\/\/www.etacarinae.org\/fr\/relazione-attivita-svolta-dal-coordinamento-free-dal-21-giugno-all8-novembre-2018\/#primaryimage\"},\"thumbnailUrl\":\"https:\/\/www.etacarinae.org\/wp-content\/uploads\/2018\/11\/sole-amico.jpg\",\"articleSection\":[\"Relations de coordination libres\"],\"inLanguage\":\"fr-FR\"},{\"@type\":\"WebPage\",\"@id\":\"https:\/\/www.etacarinae.org\/fr\/relazione-attivita-svolta-dal-coordinamento-free-dal-21-giugno-all8-novembre-2018\/\",\"url\":\"https:\/\/www.etacarinae.org\/fr\/relazione-attivita-svolta-dal-coordinamento-free-dal-21-giugno-all8-novembre-2018\/\",\"name\":\"RAPPORT D'ACTIVIT\u00c9 R\u00c9ALIS\u00c9 PAR LA COORDINATION LIBRE DU 21 JUIN AU 8 NOVEMBRE 2018 - Etacarinae S.r.l.\",\"isPartOf\":{\"@id\":\"https:\/\/www.etacarinae.org\/fr\/#website\"},\"primaryImageOfPage\":{\"@id\":\"https:\/\/www.etacarinae.org\/fr\/relazione-attivita-svolta-dal-coordinamento-free-dal-21-giugno-all8-novembre-2018\/#primaryimage\"},\"image\":{\"@id\":\"https:\/\/www.etacarinae.org\/fr\/relazione-attivita-svolta-dal-coordinamento-free-dal-21-giugno-all8-novembre-2018\/#primaryimage\"},\"thumbnailUrl\":\"https:\/\/www.etacarinae.org\/wp-content\/uploads\/2018\/11\/sole-amico.jpg\",\"datePublished\":\"2018-12-08T19:00:40+00:00\",\"dateModified\":\"2022-02-15T15:09:38+00:00\",\"breadcrumb\":{\"@id\":\"https:\/\/www.etacarinae.org\/fr\/relazione-attivita-svolta-dal-coordinamento-free-dal-21-giugno-all8-novembre-2018\/#breadcrumb\"},\"inLanguage\":\"fr-FR\",\"potentialAction\":[{\"@type\":\"ReadAction\",\"target\":[\"https:\/\/www.etacarinae.org\/fr\/relazione-attivita-svolta-dal-coordinamento-free-dal-21-giugno-all8-novembre-2018\/\"]}]},{\"@type\":\"ImageObject\",\"inLanguage\":\"fr-FR\",\"@id\":\"https:\/\/www.etacarinae.org\/fr\/relazione-attivita-svolta-dal-coordinamento-free-dal-21-giugno-all8-novembre-2018\/#primaryimage\",\"url\":\"https:\/\/www.etacarinae.org\/wp-content\/uploads\/2018\/11\/sole-amico.jpg\",\"contentUrl\":\"https:\/\/www.etacarinae.org\/wp-content\/uploads\/2018\/11\/sole-amico.jpg\",\"width\":800,\"height\":445},{\"@type\":\"BreadcrumbList\",\"@id\":\"https:\/\/www.etacarinae.org\/fr\/relazione-attivita-svolta-dal-coordinamento-free-dal-21-giugno-all8-novembre-2018\/#breadcrumb\",\"itemListElement\":[{\"@type\":\"ListItem\",\"position\":1,\"name\":\"Home\",\"item\":\"https:\/\/www.etacarinae.org\/fr\/\"},{\"@type\":\"ListItem\",\"position\":2,\"name\":\"Relations de coordination libres\",\"item\":\"https:\/\/www.etacarinae.org\/fr\/category\/relations-de-coordination-libres\/\"},{\"@type\":\"ListItem\",\"position\":3,\"name\":\"RAPPORT D&#8217;ACTIVIT\u00c9 R\u00c9ALIS\u00c9 PAR LA COORDINATION LIBRE DU 21 JUIN AU 8 NOVEMBRE 2018\"}]},{\"@type\":\"WebSite\",\"@id\":\"https:\/\/www.etacarinae.org\/fr\/#website\",\"url\":\"https:\/\/www.etacarinae.org\/fr\/\",\"name\":\"Etacarinae S.r.l.\",\"description\":\"\",\"publisher\":{\"@id\":\"https:\/\/www.etacarinae.org\/fr\/#organization\"},\"potentialAction\":[{\"@type\":\"SearchAction\",\"target\":{\"@type\":\"EntryPoint\",\"urlTemplate\":\"https:\/\/www.etacarinae.org\/fr\/?s={search_term_string}\"},\"query-input\":{\"@type\":\"PropertyValueSpecification\",\"valueRequired\":true,\"valueName\":\"search_term_string\"}}],\"inLanguage\":\"fr-FR\"},{\"@type\":\"Organization\",\"@id\":\"https:\/\/www.etacarinae.org\/fr\/#organization\",\"name\":\"etacarinae s.r.l.\",\"url\":\"https:\/\/www.etacarinae.org\/fr\/\",\"logo\":{\"@type\":\"ImageObject\",\"inLanguage\":\"fr-FR\",\"@id\":\"https:\/\/www.etacarinae.org\/fr\/#\/schema\/logo\/image\/\",\"url\":\"https:\/\/www.etacarinae.org\/wp-content\/uploads\/2018\/11\/logo_etacarinae_big.png\",\"contentUrl\":\"https:\/\/www.etacarinae.org\/wp-content\/uploads\/2018\/11\/logo_etacarinae_big.png\",\"width\":350,\"height\":127,\"caption\":\"etacarinae s.r.l.\"},\"image\":{\"@id\":\"https:\/\/www.etacarinae.org\/fr\/#\/schema\/logo\/image\/\"},\"sameAs\":[\"https:\/\/it-it.facebook.com\/etacarinaesrl\/\",\"https:\/\/www.linkedin.com\/company\/etacarinae-s-r-l-\/\"]},{\"@type\":\"Person\",\"@id\":\"https:\/\/www.etacarinae.org\/fr\/#\/schema\/person\/0dbda2de310543fffb19764bebdd432b\",\"name\":\"fedeetsperanza\",\"image\":{\"@type\":\"ImageObject\",\"inLanguage\":\"fr-FR\",\"@id\":\"https:\/\/www.etacarinae.org\/fr\/#\/schema\/person\/image\/\",\"url\":\"https:\/\/secure.gravatar.com\/avatar\/1601962ef3ffd049a9d78caefbefe0fa0526b734ed7123e95bf8b42f0cfbcc7a?s=96&d=mm&r=g\",\"contentUrl\":\"https:\/\/secure.gravatar.com\/avatar\/1601962ef3ffd049a9d78caefbefe0fa0526b734ed7123e95bf8b42f0cfbcc7a?s=96&d=mm&r=g\",\"caption\":\"fedeetsperanza\"}}]}<\/script>\n<!-- \/ Yoast SEO plugin. -->","yoast_head_json":{"title":"RAPPORT D'ACTIVIT\u00c9 R\u00c9ALIS\u00c9 PAR LA COORDINATION LIBRE DU 21 JUIN AU 8 NOVEMBRE 2018 - Etacarinae S.r.l.","robots":{"index":"index","follow":"follow","max-snippet":"max-snippet:-1","max-image-preview":"max-image-preview:large","max-video-preview":"max-video-preview:-1"},"canonical":"https:\/\/www.etacarinae.org\/fr\/relazione-attivita-svolta-dal-coordinamento-free-dal-21-giugno-all8-novembre-2018\/","og_locale":"fr_FR","og_type":"article","og_title":"RAPPORT D'ACTIVIT\u00c9 R\u00c9ALIS\u00c9 PAR LA COORDINATION LIBRE DU 21 JUIN AU 8 NOVEMBRE 2018 - Etacarinae S.r.l.","og_description":"Rapport sur les activit\u00e9s men\u00e9es par la Coordination FREE Vous trouverez ci-joint le rapport sur les activit\u00e9s men\u00e9es par la Coordination FREE du 21 juin 2018 au 8 novembre 2018, [&hellip;]","og_url":"https:\/\/www.etacarinae.org\/fr\/relazione-attivita-svolta-dal-coordinamento-free-dal-21-giugno-all8-novembre-2018\/","og_site_name":"Etacarinae S.r.l.","article_publisher":"https:\/\/it-it.facebook.com\/etacarinaesrl\/","article_published_time":"2018-12-08T19:00:40+00:00","article_modified_time":"2022-02-15T15:09:38+00:00","og_image":[{"width":800,"height":445,"url":"https:\/\/www.etacarinae.org\/wp-content\/uploads\/2018\/11\/sole-amico.jpg","type":"image\/jpeg"}],"author":"fedeetsperanza","twitter_misc":{"\u00c9crit par":"fedeetsperanza"},"schema":{"@context":"https:\/\/schema.org","@graph":[{"@type":"Article","@id":"https:\/\/www.etacarinae.org\/fr\/relazione-attivita-svolta-dal-coordinamento-free-dal-21-giugno-all8-novembre-2018\/#article","isPartOf":{"@id":"https:\/\/www.etacarinae.org\/fr\/relazione-attivita-svolta-dal-coordinamento-free-dal-21-giugno-all8-novembre-2018\/"},"author":{"name":"fedeetsperanza","@id":"https:\/\/www.etacarinae.org\/fr\/#\/schema\/person\/0dbda2de310543fffb19764bebdd432b"},"headline":"RAPPORT D&rsquo;ACTIVIT\u00c9 R\u00c9ALIS\u00c9 PAR LA COORDINATION LIBRE DU 21 JUIN AU 8 NOVEMBRE 2018","datePublished":"2018-12-08T19:00:40+00:00","dateModified":"2022-02-15T15:09:38+00:00","mainEntityOfPage":{"@id":"https:\/\/www.etacarinae.org\/fr\/relazione-attivita-svolta-dal-coordinamento-free-dal-21-giugno-all8-novembre-2018\/"},"wordCount":85,"publisher":{"@id":"https:\/\/www.etacarinae.org\/fr\/#organization"},"image":{"@id":"https:\/\/www.etacarinae.org\/fr\/relazione-attivita-svolta-dal-coordinamento-free-dal-21-giugno-all8-novembre-2018\/#primaryimage"},"thumbnailUrl":"https:\/\/www.etacarinae.org\/wp-content\/uploads\/2018\/11\/sole-amico.jpg","articleSection":["Relations de coordination libres"],"inLanguage":"fr-FR"},{"@type":"WebPage","@id":"https:\/\/www.etacarinae.org\/fr\/relazione-attivita-svolta-dal-coordinamento-free-dal-21-giugno-all8-novembre-2018\/","url":"https:\/\/www.etacarinae.org\/fr\/relazione-attivita-svolta-dal-coordinamento-free-dal-21-giugno-all8-novembre-2018\/","name":"RAPPORT D'ACTIVIT\u00c9 R\u00c9ALIS\u00c9 PAR LA COORDINATION LIBRE DU 21 JUIN AU 8 NOVEMBRE 2018 - Etacarinae S.r.l.","isPartOf":{"@id":"https:\/\/www.etacarinae.org\/fr\/#website"},"primaryImageOfPage":{"@id":"https:\/\/www.etacarinae.org\/fr\/relazione-attivita-svolta-dal-coordinamento-free-dal-21-giugno-all8-novembre-2018\/#primaryimage"},"image":{"@id":"https:\/\/www.etacarinae.org\/fr\/relazione-attivita-svolta-dal-coordinamento-free-dal-21-giugno-all8-novembre-2018\/#primaryimage"},"thumbnailUrl":"https:\/\/www.etacarinae.org\/wp-content\/uploads\/2018\/11\/sole-amico.jpg","datePublished":"2018-12-08T19:00:40+00:00","dateModified":"2022-02-15T15:09:38+00:00","breadcrumb":{"@id":"https:\/\/www.etacarinae.org\/fr\/relazione-attivita-svolta-dal-coordinamento-free-dal-21-giugno-all8-novembre-2018\/#breadcrumb"},"inLanguage":"fr-FR","potentialAction":[{"@type":"ReadAction","target":["https:\/\/www.etacarinae.org\/fr\/relazione-attivita-svolta-dal-coordinamento-free-dal-21-giugno-all8-novembre-2018\/"]}]},{"@type":"ImageObject","inLanguage":"fr-FR","@id":"https:\/\/www.etacarinae.org\/fr\/relazione-attivita-svolta-dal-coordinamento-free-dal-21-giugno-all8-novembre-2018\/#primaryimage","url":"https:\/\/www.etacarinae.org\/wp-content\/uploads\/2018\/11\/sole-amico.jpg","contentUrl":"https:\/\/www.etacarinae.org\/wp-content\/uploads\/2018\/11\/sole-amico.jpg","width":800,"height":445},{"@type":"BreadcrumbList","@id":"https:\/\/www.etacarinae.org\/fr\/relazione-attivita-svolta-dal-coordinamento-free-dal-21-giugno-all8-novembre-2018\/#breadcrumb","itemListElement":[{"@type":"ListItem","position":1,"name":"Home","item":"https:\/\/www.etacarinae.org\/fr\/"},{"@type":"ListItem","position":2,"name":"Relations de coordination libres","item":"https:\/\/www.etacarinae.org\/fr\/category\/relations-de-coordination-libres\/"},{"@type":"ListItem","position":3,"name":"RAPPORT D&#8217;ACTIVIT\u00c9 R\u00c9ALIS\u00c9 PAR LA COORDINATION LIBRE DU 21 JUIN AU 8 NOVEMBRE 2018"}]},{"@type":"WebSite","@id":"https:\/\/www.etacarinae.org\/fr\/#website","url":"https:\/\/www.etacarinae.org\/fr\/","name":"Etacarinae S.r.l.","description":"","publisher":{"@id":"https:\/\/www.etacarinae.org\/fr\/#organization"},"potentialAction":[{"@type":"SearchAction","target":{"@type":"EntryPoint","urlTemplate":"https:\/\/www.etacarinae.org\/fr\/?s={search_term_string}"},"query-input":{"@type":"PropertyValueSpecification","valueRequired":true,"valueName":"search_term_string"}}],"inLanguage":"fr-FR"},{"@type":"Organization","@id":"https:\/\/www.etacarinae.org\/fr\/#organization","name":"etacarinae s.r.l.","url":"https:\/\/www.etacarinae.org\/fr\/","logo":{"@type":"ImageObject","inLanguage":"fr-FR","@id":"https:\/\/www.etacarinae.org\/fr\/#\/schema\/logo\/image\/","url":"https:\/\/www.etacarinae.org\/wp-content\/uploads\/2018\/11\/logo_etacarinae_big.png","contentUrl":"https:\/\/www.etacarinae.org\/wp-content\/uploads\/2018\/11\/logo_etacarinae_big.png","width":350,"height":127,"caption":"etacarinae s.r.l."},"image":{"@id":"https:\/\/www.etacarinae.org\/fr\/#\/schema\/logo\/image\/"},"sameAs":["https:\/\/it-it.facebook.com\/etacarinaesrl\/","https:\/\/www.linkedin.com\/company\/etacarinae-s-r-l-\/"]},{"@type":"Person","@id":"https:\/\/www.etacarinae.org\/fr\/#\/schema\/person\/0dbda2de310543fffb19764bebdd432b","name":"fedeetsperanza","image":{"@type":"ImageObject","inLanguage":"fr-FR","@id":"https:\/\/www.etacarinae.org\/fr\/#\/schema\/person\/image\/","url":"https:\/\/secure.gravatar.com\/avatar\/1601962ef3ffd049a9d78caefbefe0fa0526b734ed7123e95bf8b42f0cfbcc7a?s=96&d=mm&r=g","contentUrl":"https:\/\/secure.gravatar.com\/avatar\/1601962ef3ffd049a9d78caefbefe0fa0526b734ed7123e95bf8b42f0cfbcc7a?s=96&d=mm&r=g","caption":"fedeetsperanza"}}]}},"_links":{"self":[{"href":"https:\/\/www.etacarinae.org\/fr\/wp-json\/wp\/v2\/posts\/5002","targetHints":{"allow":["GET"]}}],"collection":[{"href":"https:\/\/www.etacarinae.org\/fr\/wp-json\/wp\/v2\/posts"}],"about":[{"href":"https:\/\/www.etacarinae.org\/fr\/wp-json\/wp\/v2\/types\/post"}],"author":[{"embeddable":true,"href":"https:\/\/www.etacarinae.org\/fr\/wp-json\/wp\/v2\/users\/6"}],"replies":[{"embeddable":true,"href":"https:\/\/www.etacarinae.org\/fr\/wp-json\/wp\/v2\/comments?post=5002"}],"version-history":[{"count":3,"href":"https:\/\/www.etacarinae.org\/fr\/wp-json\/wp\/v2\/posts\/5002\/revisions"}],"predecessor-version":[{"id":7303,"href":"https:\/\/www.etacarinae.org\/fr\/wp-json\/wp\/v2\/posts\/5002\/revisions\/7303"}],"wp:featuredmedia":[{"embeddable":true,"href":"https:\/\/www.etacarinae.org\/fr\/wp-json\/wp\/v2\/media\/4179"}],"wp:attachment":[{"href":"https:\/\/www.etacarinae.org\/fr\/wp-json\/wp\/v2\/media?parent=5002"}],"wp:term":[{"taxonomy":"category","embeddable":true,"href":"https:\/\/www.etacarinae.org\/fr\/wp-json\/wp\/v2\/categories?post=5002"},{"taxonomy":"post_tag","embeddable":true,"href":"https:\/\/www.etacarinae.org\/fr\/wp-json\/wp\/v2\/tags?post=5002"}],"curies":[{"name":"wp","href":"https:\/\/api.w.org\/{rel}","templated":true}]}}