{"id":5007,"date":"2018-12-08T19:03:15","date_gmt":"2018-12-08T19:03:15","guid":{"rendered":"https:\/\/www.etacarinae.org\/relazione-attivita-svolta-dal-coordinamento-free-dal-21-giugno-all8-novembre-2018\/"},"modified":"2022-02-15T16:09:38","modified_gmt":"2022-02-15T15:09:38","slug":"relazione-attivita-svolta-dal-coordinamento-free-dal-21-giugno-all8-novembre-2018","status":"publish","type":"post","link":"https:\/\/www.etacarinae.org\/es\/relazione-attivita-svolta-dal-coordinamento-free-dal-21-giugno-all8-novembre-2018\/","title":{"rendered":"INFORME DE ACTIVIDAD REALIZADO POR LA COORDINACI\u00d3N GRATUITA DEL 21 DE JUNIO AL 8 DE NOVIEMBRE DE 2018"},"content":{"rendered":"<p>Informe de las actividades realizadas por la Coordinaci\u00f3n GRATUITA.<\/p>\n<p>Se adjunta el informe de las actividades realizadas por la Coordinaci\u00f3n GRATUITA del 21 de junio de 2018 al 8 de noviembre de 2018, presentado por el Presidente GB Zorzoli a la Reuni\u00f3n General Ordinaria de Miembros de la Coordinaci\u00f3n GRATUITA celebrada el 8 de noviembre de 2018, en la Fiera di Rimini con motivo de la feria Ecomondo. Energ\u00eda clave.<\/p>\n<p>adjuntos:<br \/>\n\u2022 report-assembly-08-11-2018_def (pdf 675 KB)<\/p>\n<p>Fuente:<\/p>\n","protected":false},"excerpt":{"rendered":"<p>Informe de las actividades realizadas por la Coordinaci\u00f3n GRATUITA. Se adjunta el informe de las actividades realizadas por la Coordinaci\u00f3n GRATUITA del 21 de junio de 2018 al 8 de [&hellip;]<\/p>\n","protected":false},"author":6,"featured_media":4181,"comment_status":"closed","ping_status":"closed","sticky":false,"template":"","format":"standard","meta":{"_et_pb_use_builder":"","_et_pb_old_content":"","_et_gb_content_width":"","footnotes":""},"categories":[622],"tags":[],"class_list":["post-5007","post","type-post","status-publish","format-standard","has-post-thumbnail","hentry","category-relazioni-coordinamento-free-es"],"yoast_head":"<!-- This site is optimized with the Yoast SEO plugin v26.4 - https:\/\/yoast.com\/wordpress\/plugins\/seo\/ -->\n<title>INFORME DE ACTIVIDAD REALIZADO POR LA COORDINACI\u00d3N GRATUITA DEL 21 DE JUNIO AL 8 DE NOVIEMBRE DE 2018 - Etacarinae S.r.l.<\/title>\n<meta name=\"robots\" content=\"index, follow, max-snippet:-1, max-image-preview:large, max-video-preview:-1\" \/>\n<link rel=\"canonical\" href=\"https:\/\/www.etacarinae.org\/es\/relazione-attivita-svolta-dal-coordinamento-free-dal-21-giugno-all8-novembre-2018\/\" \/>\n<meta property=\"og:locale\" content=\"es_ES\" \/>\n<meta property=\"og:type\" content=\"article\" \/>\n<meta property=\"og:title\" content=\"INFORME DE ACTIVIDAD REALIZADO POR LA COORDINACI\u00d3N GRATUITA DEL 21 DE JUNIO AL 8 DE NOVIEMBRE DE 2018 - Etacarinae S.r.l.\" \/>\n<meta property=\"og:description\" content=\"Informe de las actividades realizadas por la Coordinaci\u00f3n GRATUITA. Se adjunta el informe de las actividades realizadas por la Coordinaci\u00f3n GRATUITA del 21 de junio de 2018 al 8 de [&hellip;]\" \/>\n<meta property=\"og:url\" content=\"https:\/\/www.etacarinae.org\/es\/relazione-attivita-svolta-dal-coordinamento-free-dal-21-giugno-all8-novembre-2018\/\" \/>\n<meta property=\"og:site_name\" content=\"Etacarinae S.r.l.\" \/>\n<meta property=\"article:publisher\" content=\"https:\/\/it-it.facebook.com\/etacarinaesrl\/\" \/>\n<meta property=\"article:published_time\" content=\"2018-12-08T19:03:15+00:00\" \/>\n<meta property=\"article:modified_time\" content=\"2022-02-15T15:09:38+00:00\" \/>\n<meta property=\"og:image\" content=\"https:\/\/www.etacarinae.org\/wp-content\/uploads\/2018\/11\/sole-amico.jpg\" \/>\n\t<meta property=\"og:image:width\" content=\"800\" \/>\n\t<meta property=\"og:image:height\" content=\"445\" \/>\n\t<meta property=\"og:image:type\" content=\"image\/jpeg\" \/>\n<meta name=\"author\" content=\"fedeetsperanza\" \/>\n<meta name=\"twitter:label1\" content=\"Escrito por\" \/>\n\t<meta name=\"twitter:data1\" content=\"fedeetsperanza\" \/>\n<script type=\"application\/ld+json\" class=\"yoast-schema-graph\">{\"@context\":\"https:\/\/schema.org\",\"@graph\":[{\"@type\":\"Article\",\"@id\":\"https:\/\/www.etacarinae.org\/es\/relazione-attivita-svolta-dal-coordinamento-free-dal-21-giugno-all8-novembre-2018\/#article\",\"isPartOf\":{\"@id\":\"https:\/\/www.etacarinae.org\/es\/relazione-attivita-svolta-dal-coordinamento-free-dal-21-giugno-all8-novembre-2018\/\"},\"author\":{\"name\":\"fedeetsperanza\",\"@id\":\"https:\/\/www.etacarinae.org\/es\/#\/schema\/person\/0dbda2de310543fffb19764bebdd432b\"},\"headline\":\"INFORME DE ACTIVIDAD REALIZADO POR LA COORDINACI\u00d3N GRATUITA DEL 21 DE JUNIO AL 8 DE NOVIEMBRE DE 2018\",\"datePublished\":\"2018-12-08T19:03:15+00:00\",\"dateModified\":\"2022-02-15T15:09:38+00:00\",\"mainEntityOfPage\":{\"@id\":\"https:\/\/www.etacarinae.org\/es\/relazione-attivita-svolta-dal-coordinamento-free-dal-21-giugno-all8-novembre-2018\/\"},\"wordCount\":93,\"publisher\":{\"@id\":\"https:\/\/www.etacarinae.org\/es\/#organization\"},\"image\":{\"@id\":\"https:\/\/www.etacarinae.org\/es\/relazione-attivita-svolta-dal-coordinamento-free-dal-21-giugno-all8-novembre-2018\/#primaryimage\"},\"thumbnailUrl\":\"https:\/\/www.etacarinae.org\/wp-content\/uploads\/2018\/11\/sole-amico.jpg\",\"articleSection\":[\"Relazioni Coordinamento Free\"],\"inLanguage\":\"es\"},{\"@type\":\"WebPage\",\"@id\":\"https:\/\/www.etacarinae.org\/es\/relazione-attivita-svolta-dal-coordinamento-free-dal-21-giugno-all8-novembre-2018\/\",\"url\":\"https:\/\/www.etacarinae.org\/es\/relazione-attivita-svolta-dal-coordinamento-free-dal-21-giugno-all8-novembre-2018\/\",\"name\":\"INFORME DE ACTIVIDAD REALIZADO POR LA COORDINACI\u00d3N GRATUITA DEL 21 DE JUNIO AL 8 DE NOVIEMBRE DE 2018 - Etacarinae S.r.l.\",\"isPartOf\":{\"@id\":\"https:\/\/www.etacarinae.org\/es\/#website\"},\"primaryImageOfPage\":{\"@id\":\"https:\/\/www.etacarinae.org\/es\/relazione-attivita-svolta-dal-coordinamento-free-dal-21-giugno-all8-novembre-2018\/#primaryimage\"},\"image\":{\"@id\":\"https:\/\/www.etacarinae.org\/es\/relazione-attivita-svolta-dal-coordinamento-free-dal-21-giugno-all8-novembre-2018\/#primaryimage\"},\"thumbnailUrl\":\"https:\/\/www.etacarinae.org\/wp-content\/uploads\/2018\/11\/sole-amico.jpg\",\"datePublished\":\"2018-12-08T19:03:15+00:00\",\"dateModified\":\"2022-02-15T15:09:38+00:00\",\"breadcrumb\":{\"@id\":\"https:\/\/www.etacarinae.org\/es\/relazione-attivita-svolta-dal-coordinamento-free-dal-21-giugno-all8-novembre-2018\/#breadcrumb\"},\"inLanguage\":\"es\",\"potentialAction\":[{\"@type\":\"ReadAction\",\"target\":[\"https:\/\/www.etacarinae.org\/es\/relazione-attivita-svolta-dal-coordinamento-free-dal-21-giugno-all8-novembre-2018\/\"]}]},{\"@type\":\"ImageObject\",\"inLanguage\":\"es\",\"@id\":\"https:\/\/www.etacarinae.org\/es\/relazione-attivita-svolta-dal-coordinamento-free-dal-21-giugno-all8-novembre-2018\/#primaryimage\",\"url\":\"https:\/\/www.etacarinae.org\/wp-content\/uploads\/2018\/11\/sole-amico.jpg\",\"contentUrl\":\"https:\/\/www.etacarinae.org\/wp-content\/uploads\/2018\/11\/sole-amico.jpg\",\"width\":800,\"height\":445},{\"@type\":\"BreadcrumbList\",\"@id\":\"https:\/\/www.etacarinae.org\/es\/relazione-attivita-svolta-dal-coordinamento-free-dal-21-giugno-all8-novembre-2018\/#breadcrumb\",\"itemListElement\":[{\"@type\":\"ListItem\",\"position\":1,\"name\":\"Home\",\"item\":\"https:\/\/www.etacarinae.org\/es\/\"},{\"@type\":\"ListItem\",\"position\":2,\"name\":\"Relazioni Coordinamento Free\",\"item\":\"https:\/\/www.etacarinae.org\/es\/category\/relazioni-coordinamento-free-es\/\"},{\"@type\":\"ListItem\",\"position\":3,\"name\":\"INFORME DE ACTIVIDAD REALIZADO POR LA COORDINACI\u00d3N GRATUITA DEL 21 DE JUNIO AL 8 DE NOVIEMBRE DE 2018\"}]},{\"@type\":\"WebSite\",\"@id\":\"https:\/\/www.etacarinae.org\/es\/#website\",\"url\":\"https:\/\/www.etacarinae.org\/es\/\",\"name\":\"Etacarinae S.r.l.\",\"description\":\"\",\"publisher\":{\"@id\":\"https:\/\/www.etacarinae.org\/es\/#organization\"},\"potentialAction\":[{\"@type\":\"SearchAction\",\"target\":{\"@type\":\"EntryPoint\",\"urlTemplate\":\"https:\/\/www.etacarinae.org\/es\/?s={search_term_string}\"},\"query-input\":{\"@type\":\"PropertyValueSpecification\",\"valueRequired\":true,\"valueName\":\"search_term_string\"}}],\"inLanguage\":\"es\"},{\"@type\":\"Organization\",\"@id\":\"https:\/\/www.etacarinae.org\/es\/#organization\",\"name\":\"etacarinae s.r.l.\",\"url\":\"https:\/\/www.etacarinae.org\/es\/\",\"logo\":{\"@type\":\"ImageObject\",\"inLanguage\":\"es\",\"@id\":\"https:\/\/www.etacarinae.org\/es\/#\/schema\/logo\/image\/\",\"url\":\"https:\/\/www.etacarinae.org\/wp-content\/uploads\/2018\/11\/logo_etacarinae_big.png\",\"contentUrl\":\"https:\/\/www.etacarinae.org\/wp-content\/uploads\/2018\/11\/logo_etacarinae_big.png\",\"width\":350,\"height\":127,\"caption\":\"etacarinae s.r.l.\"},\"image\":{\"@id\":\"https:\/\/www.etacarinae.org\/es\/#\/schema\/logo\/image\/\"},\"sameAs\":[\"https:\/\/it-it.facebook.com\/etacarinaesrl\/\",\"https:\/\/www.linkedin.com\/company\/etacarinae-s-r-l-\/\"]},{\"@type\":\"Person\",\"@id\":\"https:\/\/www.etacarinae.org\/es\/#\/schema\/person\/0dbda2de310543fffb19764bebdd432b\",\"name\":\"fedeetsperanza\",\"image\":{\"@type\":\"ImageObject\",\"inLanguage\":\"es\",\"@id\":\"https:\/\/www.etacarinae.org\/es\/#\/schema\/person\/image\/\",\"url\":\"https:\/\/secure.gravatar.com\/avatar\/1601962ef3ffd049a9d78caefbefe0fa0526b734ed7123e95bf8b42f0cfbcc7a?s=96&d=mm&r=g\",\"contentUrl\":\"https:\/\/secure.gravatar.com\/avatar\/1601962ef3ffd049a9d78caefbefe0fa0526b734ed7123e95bf8b42f0cfbcc7a?s=96&d=mm&r=g\",\"caption\":\"fedeetsperanza\"}}]}<\/script>\n<!-- \/ Yoast SEO plugin. -->","yoast_head_json":{"title":"INFORME DE ACTIVIDAD REALIZADO POR LA COORDINACI\u00d3N GRATUITA DEL 21 DE JUNIO AL 8 DE NOVIEMBRE DE 2018 - Etacarinae S.r.l.","robots":{"index":"index","follow":"follow","max-snippet":"max-snippet:-1","max-image-preview":"max-image-preview:large","max-video-preview":"max-video-preview:-1"},"canonical":"https:\/\/www.etacarinae.org\/es\/relazione-attivita-svolta-dal-coordinamento-free-dal-21-giugno-all8-novembre-2018\/","og_locale":"es_ES","og_type":"article","og_title":"INFORME DE ACTIVIDAD REALIZADO POR LA COORDINACI\u00d3N GRATUITA DEL 21 DE JUNIO AL 8 DE NOVIEMBRE DE 2018 - Etacarinae S.r.l.","og_description":"Informe de las actividades realizadas por la Coordinaci\u00f3n GRATUITA. Se adjunta el informe de las actividades realizadas por la Coordinaci\u00f3n GRATUITA del 21 de junio de 2018 al 8 de [&hellip;]","og_url":"https:\/\/www.etacarinae.org\/es\/relazione-attivita-svolta-dal-coordinamento-free-dal-21-giugno-all8-novembre-2018\/","og_site_name":"Etacarinae S.r.l.","article_publisher":"https:\/\/it-it.facebook.com\/etacarinaesrl\/","article_published_time":"2018-12-08T19:03:15+00:00","article_modified_time":"2022-02-15T15:09:38+00:00","og_image":[{"width":800,"height":445,"url":"https:\/\/www.etacarinae.org\/wp-content\/uploads\/2018\/11\/sole-amico.jpg","type":"image\/jpeg"}],"author":"fedeetsperanza","twitter_misc":{"Escrito por":"fedeetsperanza"},"schema":{"@context":"https:\/\/schema.org","@graph":[{"@type":"Article","@id":"https:\/\/www.etacarinae.org\/es\/relazione-attivita-svolta-dal-coordinamento-free-dal-21-giugno-all8-novembre-2018\/#article","isPartOf":{"@id":"https:\/\/www.etacarinae.org\/es\/relazione-attivita-svolta-dal-coordinamento-free-dal-21-giugno-all8-novembre-2018\/"},"author":{"name":"fedeetsperanza","@id":"https:\/\/www.etacarinae.org\/es\/#\/schema\/person\/0dbda2de310543fffb19764bebdd432b"},"headline":"INFORME DE ACTIVIDAD REALIZADO POR LA COORDINACI\u00d3N GRATUITA DEL 21 DE JUNIO AL 8 DE NOVIEMBRE DE 2018","datePublished":"2018-12-08T19:03:15+00:00","dateModified":"2022-02-15T15:09:38+00:00","mainEntityOfPage":{"@id":"https:\/\/www.etacarinae.org\/es\/relazione-attivita-svolta-dal-coordinamento-free-dal-21-giugno-all8-novembre-2018\/"},"wordCount":93,"publisher":{"@id":"https:\/\/www.etacarinae.org\/es\/#organization"},"image":{"@id":"https:\/\/www.etacarinae.org\/es\/relazione-attivita-svolta-dal-coordinamento-free-dal-21-giugno-all8-novembre-2018\/#primaryimage"},"thumbnailUrl":"https:\/\/www.etacarinae.org\/wp-content\/uploads\/2018\/11\/sole-amico.jpg","articleSection":["Relazioni Coordinamento Free"],"inLanguage":"es"},{"@type":"WebPage","@id":"https:\/\/www.etacarinae.org\/es\/relazione-attivita-svolta-dal-coordinamento-free-dal-21-giugno-all8-novembre-2018\/","url":"https:\/\/www.etacarinae.org\/es\/relazione-attivita-svolta-dal-coordinamento-free-dal-21-giugno-all8-novembre-2018\/","name":"INFORME DE ACTIVIDAD REALIZADO POR LA COORDINACI\u00d3N GRATUITA DEL 21 DE JUNIO AL 8 DE NOVIEMBRE DE 2018 - Etacarinae S.r.l.","isPartOf":{"@id":"https:\/\/www.etacarinae.org\/es\/#website"},"primaryImageOfPage":{"@id":"https:\/\/www.etacarinae.org\/es\/relazione-attivita-svolta-dal-coordinamento-free-dal-21-giugno-all8-novembre-2018\/#primaryimage"},"image":{"@id":"https:\/\/www.etacarinae.org\/es\/relazione-attivita-svolta-dal-coordinamento-free-dal-21-giugno-all8-novembre-2018\/#primaryimage"},"thumbnailUrl":"https:\/\/www.etacarinae.org\/wp-content\/uploads\/2018\/11\/sole-amico.jpg","datePublished":"2018-12-08T19:03:15+00:00","dateModified":"2022-02-15T15:09:38+00:00","breadcrumb":{"@id":"https:\/\/www.etacarinae.org\/es\/relazione-attivita-svolta-dal-coordinamento-free-dal-21-giugno-all8-novembre-2018\/#breadcrumb"},"inLanguage":"es","potentialAction":[{"@type":"ReadAction","target":["https:\/\/www.etacarinae.org\/es\/relazione-attivita-svolta-dal-coordinamento-free-dal-21-giugno-all8-novembre-2018\/"]}]},{"@type":"ImageObject","inLanguage":"es","@id":"https:\/\/www.etacarinae.org\/es\/relazione-attivita-svolta-dal-coordinamento-free-dal-21-giugno-all8-novembre-2018\/#primaryimage","url":"https:\/\/www.etacarinae.org\/wp-content\/uploads\/2018\/11\/sole-amico.jpg","contentUrl":"https:\/\/www.etacarinae.org\/wp-content\/uploads\/2018\/11\/sole-amico.jpg","width":800,"height":445},{"@type":"BreadcrumbList","@id":"https:\/\/www.etacarinae.org\/es\/relazione-attivita-svolta-dal-coordinamento-free-dal-21-giugno-all8-novembre-2018\/#breadcrumb","itemListElement":[{"@type":"ListItem","position":1,"name":"Home","item":"https:\/\/www.etacarinae.org\/es\/"},{"@type":"ListItem","position":2,"name":"Relazioni Coordinamento Free","item":"https:\/\/www.etacarinae.org\/es\/category\/relazioni-coordinamento-free-es\/"},{"@type":"ListItem","position":3,"name":"INFORME DE ACTIVIDAD REALIZADO POR LA COORDINACI\u00d3N GRATUITA DEL 21 DE JUNIO AL 8 DE NOVIEMBRE DE 2018"}]},{"@type":"WebSite","@id":"https:\/\/www.etacarinae.org\/es\/#website","url":"https:\/\/www.etacarinae.org\/es\/","name":"Etacarinae S.r.l.","description":"","publisher":{"@id":"https:\/\/www.etacarinae.org\/es\/#organization"},"potentialAction":[{"@type":"SearchAction","target":{"@type":"EntryPoint","urlTemplate":"https:\/\/www.etacarinae.org\/es\/?s={search_term_string}"},"query-input":{"@type":"PropertyValueSpecification","valueRequired":true,"valueName":"search_term_string"}}],"inLanguage":"es"},{"@type":"Organization","@id":"https:\/\/www.etacarinae.org\/es\/#organization","name":"etacarinae s.r.l.","url":"https:\/\/www.etacarinae.org\/es\/","logo":{"@type":"ImageObject","inLanguage":"es","@id":"https:\/\/www.etacarinae.org\/es\/#\/schema\/logo\/image\/","url":"https:\/\/www.etacarinae.org\/wp-content\/uploads\/2018\/11\/logo_etacarinae_big.png","contentUrl":"https:\/\/www.etacarinae.org\/wp-content\/uploads\/2018\/11\/logo_etacarinae_big.png","width":350,"height":127,"caption":"etacarinae s.r.l."},"image":{"@id":"https:\/\/www.etacarinae.org\/es\/#\/schema\/logo\/image\/"},"sameAs":["https:\/\/it-it.facebook.com\/etacarinaesrl\/","https:\/\/www.linkedin.com\/company\/etacarinae-s-r-l-\/"]},{"@type":"Person","@id":"https:\/\/www.etacarinae.org\/es\/#\/schema\/person\/0dbda2de310543fffb19764bebdd432b","name":"fedeetsperanza","image":{"@type":"ImageObject","inLanguage":"es","@id":"https:\/\/www.etacarinae.org\/es\/#\/schema\/person\/image\/","url":"https:\/\/secure.gravatar.com\/avatar\/1601962ef3ffd049a9d78caefbefe0fa0526b734ed7123e95bf8b42f0cfbcc7a?s=96&d=mm&r=g","contentUrl":"https:\/\/secure.gravatar.com\/avatar\/1601962ef3ffd049a9d78caefbefe0fa0526b734ed7123e95bf8b42f0cfbcc7a?s=96&d=mm&r=g","caption":"fedeetsperanza"}}]}},"_links":{"self":[{"href":"https:\/\/www.etacarinae.org\/es\/wp-json\/wp\/v2\/posts\/5007","targetHints":{"allow":["GET"]}}],"collection":[{"href":"https:\/\/www.etacarinae.org\/es\/wp-json\/wp\/v2\/posts"}],"about":[{"href":"https:\/\/www.etacarinae.org\/es\/wp-json\/wp\/v2\/types\/post"}],"author":[{"embeddable":true,"href":"https:\/\/www.etacarinae.org\/es\/wp-json\/wp\/v2\/users\/6"}],"replies":[{"embeddable":true,"href":"https:\/\/www.etacarinae.org\/es\/wp-json\/wp\/v2\/comments?post=5007"}],"version-history":[{"count":4,"href":"https:\/\/www.etacarinae.org\/es\/wp-json\/wp\/v2\/posts\/5007\/revisions"}],"predecessor-version":[{"id":7306,"href":"https:\/\/www.etacarinae.org\/es\/wp-json\/wp\/v2\/posts\/5007\/revisions\/7306"}],"wp:featuredmedia":[{"embeddable":true,"href":"https:\/\/www.etacarinae.org\/es\/wp-json\/wp\/v2\/media\/4181"}],"wp:attachment":[{"href":"https:\/\/www.etacarinae.org\/es\/wp-json\/wp\/v2\/media?parent=5007"}],"wp:term":[{"taxonomy":"category","embeddable":true,"href":"https:\/\/www.etacarinae.org\/es\/wp-json\/wp\/v2\/categories?post=5007"},{"taxonomy":"post_tag","embeddable":true,"href":"https:\/\/www.etacarinae.org\/es\/wp-json\/wp\/v2\/tags?post=5007"}],"curies":[{"name":"wp","href":"https:\/\/api.w.org\/{rel}","templated":true}]}}