{"id":4619,"date":"2018-12-07T16:31:44","date_gmt":"2018-12-07T16:31:44","guid":{"rendered":"https:\/\/www.etacarinae.org\/italia-tiene-como-objetivo-los-objetivos-de-2020-en-energias-renovables-istat-numeros\/"},"modified":"2018-12-07T16:32:12","modified_gmt":"2018-12-07T16:32:12","slug":"italia-tiene-como-objetivo-los-objetivos-de-2020-en-energias-renovables-istat-numeros","status":"publish","type":"post","link":"https:\/\/www.etacarinae.org\/es\/italia-tiene-como-objetivo-los-objetivos-de-2020-en-energias-renovables-istat-numeros\/","title":{"rendered":"Italia tiene como objetivo los objetivos de 2020 en energ\u00edas renovables. Istat numeros"},"content":{"rendered":"<p>Los dos \u00faltimos a\u00f1os marcan un cambio de tendencia.<\/p>\n<p>En los \u00faltimos diez a\u00f1os, la proporci\u00f3n de consumo proveniente de fuentes renovables en Italia ha aumentado considerablemente, lo que permite que la meta nacional alcance su nivel de 2020 (17%), a partir de 2014. ISTAT lo informa en el &#8216;Informe ODS 2018&#8217; que propone una actualizaci\u00f3n y ampliaci\u00f3n de la aplicaci\u00f3n en Italia de la Agenda 2030 adoptada en 2015 por la Asamblea General de las Naciones Unidas compuesta de 17 objetivos (Objetivos de Desarrollo Sostenible &#8211; ODS), que se redujo en 169 objetivos, que se refieren a diferentes dominios del desarrollo social y barato<\/p>\n<p>LOS \u00daLTIMOS DOS A\u00d1OS MARCAN UNA INVERSI\u00d3N DE LA TENDENCIA<br \/>\nLos a\u00f1os entre 2013 y 2015 se caracterizan por una desaceleraci\u00f3n en el crecimiento, mientras que para 2016 la participaci\u00f3n del consumo de Fer muestra un ligero descenso, alcanzando el 17,4%. El an\u00e1lisis del objetivo de \u00abenerg\u00eda sostenible\u00bb (meta 7) por ISTAT muestra que en Italia la contribuci\u00f3n de las fuentes renovables a la producci\u00f3n de electricidad ha crecido r\u00e1pidamente con el tiempo, de 13.8% en 2005 a 37.3%. % de 2014. Los \u00faltimos dos a\u00f1os, por otro lado, indican una reversi\u00f3n de la tendencia: el porcentaje de consumo de electricidad cubierto por fuentes renovables disminuye hasta alcanzar el 33,1% en 2016.<\/p>\n<p>VALLE D&#8217;AOSTA Y TRENTINO ALTO ADIGE EN LA CIMA PARA EL CONSUMIDOR DE FER<br \/>\nItalia a\u00fan se encuentra en una posici\u00f3n de ventaja en comparaci\u00f3n con otros pa\u00edses de la UE. Adem\u00e1s de Valle d&#8217;Aosta y Trentino Alto Adige (donde la energ\u00eda renovable supera la demanda dom\u00e9stica), Molise (87%), Basilicata (81%) y Calabria (las regiones que m\u00e1s contribuyen al consumo de Fer electric) 77%). Por otro lado, las fuentes renovables se explotan m\u00e1s escasamente en Liguria (9%), Lazio (14%) y Emilia-Romagna (20%). En general, la contribuci\u00f3n de las energ\u00edas renovables al sector el\u00e9ctrico es mayor en el Sur, donde alcanza el 42%, situ\u00e1ndose en el 31% en el Norte y el 28% en la distribuci\u00f3n central.<\/p>\n<p>CALIDAD INTENSIDAD ENERG\u00c9TICA<br \/>\nAdem\u00e1s de caracterizarse hist\u00f3ricamente por niveles por debajo de la media de la UE y muchos de sus principales competidores, Italia ha visto que su intensidad energ\u00e9tica disminuye progresivamente con el tiempo (entre 2006 y 2016, de 13.2 a 98.4 kilogramos de equivalente de petr\u00f3leo para 1000 euros del PIB). Sin embargo, nuestro pa\u00eds ha progresado en el tiempo por debajo de la media de la UE, registrando una variaci\u00f3n del -13% en comparaci\u00f3n con 2006, en comparaci\u00f3n con una variaci\u00f3n promedio del -18%.<\/p>\n<p>ESTABLE LA SATISFACCI\u00d3N DE LAS FAMILIAS POR EL SERVICIO EL\u00c9CTRICO<br \/>\nPor otro lado, la satisfacci\u00f3n del hogar por el servicio el\u00e9ctrico es estable. La proporci\u00f3n de hogares que est\u00e1n muy o bastante satisfechos con la continuidad del servicio de electricidad, equivalente al 92.5% en 2017, muestra una tendencia sustancialmente estable a partir de 2010. Finalmente, la proporci\u00f3n de la poblaci\u00f3n que no puede calentar el &#8216;hogares. Italia ve un aumento sustancial en la proporci\u00f3n de la poblaci\u00f3n que tiene dificultades para calentar adecuadamente la vivienda entre 2009 (10.8%) y 2012 (21.3%). Los \u00faltimos cuatro a\u00f1os marcan una reversi\u00f3n de la tendencia y el indicador disminuye hasta alcanzar el 16,1%, sin embargo, se coloca por encima de los valores anteriores a la crisis.<\/p>\n<p>Fuente: https:\/\/energiaoltre.it\/istat\/<\/p>\n<p>&nbsp;<\/p>\n","protected":false},"excerpt":{"rendered":"<p>Los dos \u00faltimos a\u00f1os marcan un cambio de tendencia. En los \u00faltimos diez a\u00f1os, la proporci\u00f3n de consumo proveniente de fuentes renovables en Italia ha aumentado considerablemente, lo que permite [&hellip;]<\/p>\n","protected":false},"author":6,"featured_media":4620,"comment_status":"closed","ping_status":"open","sticky":false,"template":"","format":"standard","meta":{"_et_pb_use_builder":"","_et_pb_old_content":"","_et_gb_content_width":"","footnotes":""},"categories":[621],"tags":[],"class_list":["post-4619","post","type-post","status-publish","format-standard","has-post-thumbnail","hentry","category-istat-y-energias-renovables"],"yoast_head":"<!-- This site is optimized with the Yoast SEO plugin v26.4 - https:\/\/yoast.com\/wordpress\/plugins\/seo\/ -->\n<title>Italia tiene como objetivo los objetivos de 2020 en energ\u00edas renovables. Istat numeros - Etacarinae S.r.l.<\/title>\n<meta name=\"robots\" content=\"index, follow, max-snippet:-1, max-image-preview:large, max-video-preview:-1\" \/>\n<link rel=\"canonical\" href=\"https:\/\/www.etacarinae.org\/es\/italia-tiene-como-objetivo-los-objetivos-de-2020-en-energias-renovables-istat-numeros\/\" \/>\n<meta property=\"og:locale\" content=\"es_ES\" \/>\n<meta property=\"og:type\" content=\"article\" \/>\n<meta property=\"og:title\" content=\"Italia tiene como objetivo los objetivos de 2020 en energ\u00edas renovables. Istat numeros - Etacarinae S.r.l.\" \/>\n<meta property=\"og:description\" content=\"Los dos \u00faltimos a\u00f1os marcan un cambio de tendencia. En los \u00faltimos diez a\u00f1os, la proporci\u00f3n de consumo proveniente de fuentes renovables en Italia ha aumentado considerablemente, lo que permite [&hellip;]\" \/>\n<meta property=\"og:url\" content=\"https:\/\/www.etacarinae.org\/es\/italia-tiene-como-objetivo-los-objetivos-de-2020-en-energias-renovables-istat-numeros\/\" \/>\n<meta property=\"og:site_name\" content=\"Etacarinae S.r.l.\" \/>\n<meta property=\"article:publisher\" content=\"https:\/\/it-it.facebook.com\/etacarinaesrl\/\" \/>\n<meta property=\"article:published_time\" content=\"2018-12-07T16:31:44+00:00\" \/>\n<meta property=\"article:modified_time\" content=\"2018-12-07T16:32:12+00:00\" \/>\n<meta property=\"og:image\" content=\"https:\/\/www.etacarinae.org\/wp-content\/uploads\/2018\/12\/rinnovabili.jpg\" \/>\n\t<meta property=\"og:image:width\" content=\"526\" \/>\n\t<meta property=\"og:image:height\" content=\"400\" \/>\n\t<meta property=\"og:image:type\" content=\"image\/jpeg\" \/>\n<meta name=\"author\" content=\"fedeetsperanza\" \/>\n<meta name=\"twitter:label1\" content=\"Escrito por\" \/>\n\t<meta name=\"twitter:data1\" content=\"fedeetsperanza\" \/>\n\t<meta name=\"twitter:label2\" content=\"Tiempo de lectura\" \/>\n\t<meta name=\"twitter:data2\" content=\"3 minutos\" \/>\n<script type=\"application\/ld+json\" class=\"yoast-schema-graph\">{\"@context\":\"https:\/\/schema.org\",\"@graph\":[{\"@type\":\"Article\",\"@id\":\"https:\/\/www.etacarinae.org\/es\/italia-tiene-como-objetivo-los-objetivos-de-2020-en-energias-renovables-istat-numeros\/#article\",\"isPartOf\":{\"@id\":\"https:\/\/www.etacarinae.org\/es\/italia-tiene-como-objetivo-los-objetivos-de-2020-en-energias-renovables-istat-numeros\/\"},\"author\":{\"name\":\"fedeetsperanza\",\"@id\":\"https:\/\/www.etacarinae.org\/es\/#\/schema\/person\/0dbda2de310543fffb19764bebdd432b\"},\"headline\":\"Italia tiene como objetivo los objetivos de 2020 en energ\u00edas renovables. Istat numeros\",\"datePublished\":\"2018-12-07T16:31:44+00:00\",\"dateModified\":\"2018-12-07T16:32:12+00:00\",\"mainEntityOfPage\":{\"@id\":\"https:\/\/www.etacarinae.org\/es\/italia-tiene-como-objetivo-los-objetivos-de-2020-en-energias-renovables-istat-numeros\/\"},\"wordCount\":573,\"publisher\":{\"@id\":\"https:\/\/www.etacarinae.org\/es\/#organization\"},\"image\":{\"@id\":\"https:\/\/www.etacarinae.org\/es\/italia-tiene-como-objetivo-los-objetivos-de-2020-en-energias-renovables-istat-numeros\/#primaryimage\"},\"thumbnailUrl\":\"https:\/\/www.etacarinae.org\/wp-content\/uploads\/2018\/12\/rinnovabili.jpg\",\"articleSection\":[\"Istat y energ\u00edas renovables.\"],\"inLanguage\":\"es\"},{\"@type\":\"WebPage\",\"@id\":\"https:\/\/www.etacarinae.org\/es\/italia-tiene-como-objetivo-los-objetivos-de-2020-en-energias-renovables-istat-numeros\/\",\"url\":\"https:\/\/www.etacarinae.org\/es\/italia-tiene-como-objetivo-los-objetivos-de-2020-en-energias-renovables-istat-numeros\/\",\"name\":\"Italia tiene como objetivo los objetivos de 2020 en energ\u00edas renovables. Istat numeros - Etacarinae S.r.l.\",\"isPartOf\":{\"@id\":\"https:\/\/www.etacarinae.org\/es\/#website\"},\"primaryImageOfPage\":{\"@id\":\"https:\/\/www.etacarinae.org\/es\/italia-tiene-como-objetivo-los-objetivos-de-2020-en-energias-renovables-istat-numeros\/#primaryimage\"},\"image\":{\"@id\":\"https:\/\/www.etacarinae.org\/es\/italia-tiene-como-objetivo-los-objetivos-de-2020-en-energias-renovables-istat-numeros\/#primaryimage\"},\"thumbnailUrl\":\"https:\/\/www.etacarinae.org\/wp-content\/uploads\/2018\/12\/rinnovabili.jpg\",\"datePublished\":\"2018-12-07T16:31:44+00:00\",\"dateModified\":\"2018-12-07T16:32:12+00:00\",\"breadcrumb\":{\"@id\":\"https:\/\/www.etacarinae.org\/es\/italia-tiene-como-objetivo-los-objetivos-de-2020-en-energias-renovables-istat-numeros\/#breadcrumb\"},\"inLanguage\":\"es\",\"potentialAction\":[{\"@type\":\"ReadAction\",\"target\":[\"https:\/\/www.etacarinae.org\/es\/italia-tiene-como-objetivo-los-objetivos-de-2020-en-energias-renovables-istat-numeros\/\"]}]},{\"@type\":\"ImageObject\",\"inLanguage\":\"es\",\"@id\":\"https:\/\/www.etacarinae.org\/es\/italia-tiene-como-objetivo-los-objetivos-de-2020-en-energias-renovables-istat-numeros\/#primaryimage\",\"url\":\"https:\/\/www.etacarinae.org\/wp-content\/uploads\/2018\/12\/rinnovabili.jpg\",\"contentUrl\":\"https:\/\/www.etacarinae.org\/wp-content\/uploads\/2018\/12\/rinnovabili.jpg\",\"width\":526,\"height\":400},{\"@type\":\"BreadcrumbList\",\"@id\":\"https:\/\/www.etacarinae.org\/es\/italia-tiene-como-objetivo-los-objetivos-de-2020-en-energias-renovables-istat-numeros\/#breadcrumb\",\"itemListElement\":[{\"@type\":\"ListItem\",\"position\":1,\"name\":\"Home\",\"item\":\"https:\/\/www.etacarinae.org\/es\/\"},{\"@type\":\"ListItem\",\"position\":2,\"name\":\"Istat y energ\u00edas renovables.\",\"item\":\"https:\/\/www.etacarinae.org\/es\/category\/istat-y-energias-renovables\/\"},{\"@type\":\"ListItem\",\"position\":3,\"name\":\"Italia tiene como objetivo los objetivos de 2020 en energ\u00edas renovables. Istat numeros\"}]},{\"@type\":\"WebSite\",\"@id\":\"https:\/\/www.etacarinae.org\/es\/#website\",\"url\":\"https:\/\/www.etacarinae.org\/es\/\",\"name\":\"Etacarinae S.r.l.\",\"description\":\"\",\"publisher\":{\"@id\":\"https:\/\/www.etacarinae.org\/es\/#organization\"},\"potentialAction\":[{\"@type\":\"SearchAction\",\"target\":{\"@type\":\"EntryPoint\",\"urlTemplate\":\"https:\/\/www.etacarinae.org\/es\/?s={search_term_string}\"},\"query-input\":{\"@type\":\"PropertyValueSpecification\",\"valueRequired\":true,\"valueName\":\"search_term_string\"}}],\"inLanguage\":\"es\"},{\"@type\":\"Organization\",\"@id\":\"https:\/\/www.etacarinae.org\/es\/#organization\",\"name\":\"etacarinae s.r.l.\",\"url\":\"https:\/\/www.etacarinae.org\/es\/\",\"logo\":{\"@type\":\"ImageObject\",\"inLanguage\":\"es\",\"@id\":\"https:\/\/www.etacarinae.org\/es\/#\/schema\/logo\/image\/\",\"url\":\"https:\/\/www.etacarinae.org\/wp-content\/uploads\/2018\/11\/logo_etacarinae_big.png\",\"contentUrl\":\"https:\/\/www.etacarinae.org\/wp-content\/uploads\/2018\/11\/logo_etacarinae_big.png\",\"width\":350,\"height\":127,\"caption\":\"etacarinae s.r.l.\"},\"image\":{\"@id\":\"https:\/\/www.etacarinae.org\/es\/#\/schema\/logo\/image\/\"},\"sameAs\":[\"https:\/\/it-it.facebook.com\/etacarinaesrl\/\",\"https:\/\/www.linkedin.com\/company\/etacarinae-s-r-l-\/\"]},{\"@type\":\"Person\",\"@id\":\"https:\/\/www.etacarinae.org\/es\/#\/schema\/person\/0dbda2de310543fffb19764bebdd432b\",\"name\":\"fedeetsperanza\",\"image\":{\"@type\":\"ImageObject\",\"inLanguage\":\"es\",\"@id\":\"https:\/\/www.etacarinae.org\/es\/#\/schema\/person\/image\/\",\"url\":\"https:\/\/secure.gravatar.com\/avatar\/1601962ef3ffd049a9d78caefbefe0fa0526b734ed7123e95bf8b42f0cfbcc7a?s=96&d=mm&r=g\",\"contentUrl\":\"https:\/\/secure.gravatar.com\/avatar\/1601962ef3ffd049a9d78caefbefe0fa0526b734ed7123e95bf8b42f0cfbcc7a?s=96&d=mm&r=g\",\"caption\":\"fedeetsperanza\"}}]}<\/script>\n<!-- \/ Yoast SEO plugin. -->","yoast_head_json":{"title":"Italia tiene como objetivo los objetivos de 2020 en energ\u00edas renovables. Istat numeros - Etacarinae S.r.l.","robots":{"index":"index","follow":"follow","max-snippet":"max-snippet:-1","max-image-preview":"max-image-preview:large","max-video-preview":"max-video-preview:-1"},"canonical":"https:\/\/www.etacarinae.org\/es\/italia-tiene-como-objetivo-los-objetivos-de-2020-en-energias-renovables-istat-numeros\/","og_locale":"es_ES","og_type":"article","og_title":"Italia tiene como objetivo los objetivos de 2020 en energ\u00edas renovables. Istat numeros - Etacarinae S.r.l.","og_description":"Los dos \u00faltimos a\u00f1os marcan un cambio de tendencia. En los \u00faltimos diez a\u00f1os, la proporci\u00f3n de consumo proveniente de fuentes renovables en Italia ha aumentado considerablemente, lo que permite [&hellip;]","og_url":"https:\/\/www.etacarinae.org\/es\/italia-tiene-como-objetivo-los-objetivos-de-2020-en-energias-renovables-istat-numeros\/","og_site_name":"Etacarinae S.r.l.","article_publisher":"https:\/\/it-it.facebook.com\/etacarinaesrl\/","article_published_time":"2018-12-07T16:31:44+00:00","article_modified_time":"2018-12-07T16:32:12+00:00","og_image":[{"width":526,"height":400,"url":"https:\/\/www.etacarinae.org\/wp-content\/uploads\/2018\/12\/rinnovabili.jpg","type":"image\/jpeg"}],"author":"fedeetsperanza","twitter_misc":{"Escrito por":"fedeetsperanza","Tiempo de lectura":"3 minutos"},"schema":{"@context":"https:\/\/schema.org","@graph":[{"@type":"Article","@id":"https:\/\/www.etacarinae.org\/es\/italia-tiene-como-objetivo-los-objetivos-de-2020-en-energias-renovables-istat-numeros\/#article","isPartOf":{"@id":"https:\/\/www.etacarinae.org\/es\/italia-tiene-como-objetivo-los-objetivos-de-2020-en-energias-renovables-istat-numeros\/"},"author":{"name":"fedeetsperanza","@id":"https:\/\/www.etacarinae.org\/es\/#\/schema\/person\/0dbda2de310543fffb19764bebdd432b"},"headline":"Italia tiene como objetivo los objetivos de 2020 en energ\u00edas renovables. Istat numeros","datePublished":"2018-12-07T16:31:44+00:00","dateModified":"2018-12-07T16:32:12+00:00","mainEntityOfPage":{"@id":"https:\/\/www.etacarinae.org\/es\/italia-tiene-como-objetivo-los-objetivos-de-2020-en-energias-renovables-istat-numeros\/"},"wordCount":573,"publisher":{"@id":"https:\/\/www.etacarinae.org\/es\/#organization"},"image":{"@id":"https:\/\/www.etacarinae.org\/es\/italia-tiene-como-objetivo-los-objetivos-de-2020-en-energias-renovables-istat-numeros\/#primaryimage"},"thumbnailUrl":"https:\/\/www.etacarinae.org\/wp-content\/uploads\/2018\/12\/rinnovabili.jpg","articleSection":["Istat y energ\u00edas renovables."],"inLanguage":"es"},{"@type":"WebPage","@id":"https:\/\/www.etacarinae.org\/es\/italia-tiene-como-objetivo-los-objetivos-de-2020-en-energias-renovables-istat-numeros\/","url":"https:\/\/www.etacarinae.org\/es\/italia-tiene-como-objetivo-los-objetivos-de-2020-en-energias-renovables-istat-numeros\/","name":"Italia tiene como objetivo los objetivos de 2020 en energ\u00edas renovables. Istat numeros - Etacarinae S.r.l.","isPartOf":{"@id":"https:\/\/www.etacarinae.org\/es\/#website"},"primaryImageOfPage":{"@id":"https:\/\/www.etacarinae.org\/es\/italia-tiene-como-objetivo-los-objetivos-de-2020-en-energias-renovables-istat-numeros\/#primaryimage"},"image":{"@id":"https:\/\/www.etacarinae.org\/es\/italia-tiene-como-objetivo-los-objetivos-de-2020-en-energias-renovables-istat-numeros\/#primaryimage"},"thumbnailUrl":"https:\/\/www.etacarinae.org\/wp-content\/uploads\/2018\/12\/rinnovabili.jpg","datePublished":"2018-12-07T16:31:44+00:00","dateModified":"2018-12-07T16:32:12+00:00","breadcrumb":{"@id":"https:\/\/www.etacarinae.org\/es\/italia-tiene-como-objetivo-los-objetivos-de-2020-en-energias-renovables-istat-numeros\/#breadcrumb"},"inLanguage":"es","potentialAction":[{"@type":"ReadAction","target":["https:\/\/www.etacarinae.org\/es\/italia-tiene-como-objetivo-los-objetivos-de-2020-en-energias-renovables-istat-numeros\/"]}]},{"@type":"ImageObject","inLanguage":"es","@id":"https:\/\/www.etacarinae.org\/es\/italia-tiene-como-objetivo-los-objetivos-de-2020-en-energias-renovables-istat-numeros\/#primaryimage","url":"https:\/\/www.etacarinae.org\/wp-content\/uploads\/2018\/12\/rinnovabili.jpg","contentUrl":"https:\/\/www.etacarinae.org\/wp-content\/uploads\/2018\/12\/rinnovabili.jpg","width":526,"height":400},{"@type":"BreadcrumbList","@id":"https:\/\/www.etacarinae.org\/es\/italia-tiene-como-objetivo-los-objetivos-de-2020-en-energias-renovables-istat-numeros\/#breadcrumb","itemListElement":[{"@type":"ListItem","position":1,"name":"Home","item":"https:\/\/www.etacarinae.org\/es\/"},{"@type":"ListItem","position":2,"name":"Istat y energ\u00edas renovables.","item":"https:\/\/www.etacarinae.org\/es\/category\/istat-y-energias-renovables\/"},{"@type":"ListItem","position":3,"name":"Italia tiene como objetivo los objetivos de 2020 en energ\u00edas renovables. Istat numeros"}]},{"@type":"WebSite","@id":"https:\/\/www.etacarinae.org\/es\/#website","url":"https:\/\/www.etacarinae.org\/es\/","name":"Etacarinae S.r.l.","description":"","publisher":{"@id":"https:\/\/www.etacarinae.org\/es\/#organization"},"potentialAction":[{"@type":"SearchAction","target":{"@type":"EntryPoint","urlTemplate":"https:\/\/www.etacarinae.org\/es\/?s={search_term_string}"},"query-input":{"@type":"PropertyValueSpecification","valueRequired":true,"valueName":"search_term_string"}}],"inLanguage":"es"},{"@type":"Organization","@id":"https:\/\/www.etacarinae.org\/es\/#organization","name":"etacarinae s.r.l.","url":"https:\/\/www.etacarinae.org\/es\/","logo":{"@type":"ImageObject","inLanguage":"es","@id":"https:\/\/www.etacarinae.org\/es\/#\/schema\/logo\/image\/","url":"https:\/\/www.etacarinae.org\/wp-content\/uploads\/2018\/11\/logo_etacarinae_big.png","contentUrl":"https:\/\/www.etacarinae.org\/wp-content\/uploads\/2018\/11\/logo_etacarinae_big.png","width":350,"height":127,"caption":"etacarinae s.r.l."},"image":{"@id":"https:\/\/www.etacarinae.org\/es\/#\/schema\/logo\/image\/"},"sameAs":["https:\/\/it-it.facebook.com\/etacarinaesrl\/","https:\/\/www.linkedin.com\/company\/etacarinae-s-r-l-\/"]},{"@type":"Person","@id":"https:\/\/www.etacarinae.org\/es\/#\/schema\/person\/0dbda2de310543fffb19764bebdd432b","name":"fedeetsperanza","image":{"@type":"ImageObject","inLanguage":"es","@id":"https:\/\/www.etacarinae.org\/es\/#\/schema\/person\/image\/","url":"https:\/\/secure.gravatar.com\/avatar\/1601962ef3ffd049a9d78caefbefe0fa0526b734ed7123e95bf8b42f0cfbcc7a?s=96&d=mm&r=g","contentUrl":"https:\/\/secure.gravatar.com\/avatar\/1601962ef3ffd049a9d78caefbefe0fa0526b734ed7123e95bf8b42f0cfbcc7a?s=96&d=mm&r=g","caption":"fedeetsperanza"}}]}},"_links":{"self":[{"href":"https:\/\/www.etacarinae.org\/es\/wp-json\/wp\/v2\/posts\/4619","targetHints":{"allow":["GET"]}}],"collection":[{"href":"https:\/\/www.etacarinae.org\/es\/wp-json\/wp\/v2\/posts"}],"about":[{"href":"https:\/\/www.etacarinae.org\/es\/wp-json\/wp\/v2\/types\/post"}],"author":[{"embeddable":true,"href":"https:\/\/www.etacarinae.org\/es\/wp-json\/wp\/v2\/users\/6"}],"replies":[{"embeddable":true,"href":"https:\/\/www.etacarinae.org\/es\/wp-json\/wp\/v2\/comments?post=4619"}],"version-history":[{"count":1,"href":"https:\/\/www.etacarinae.org\/es\/wp-json\/wp\/v2\/posts\/4619\/revisions"}],"predecessor-version":[{"id":4626,"href":"https:\/\/www.etacarinae.org\/es\/wp-json\/wp\/v2\/posts\/4619\/revisions\/4626"}],"wp:featuredmedia":[{"embeddable":true,"href":"https:\/\/www.etacarinae.org\/es\/wp-json\/wp\/v2\/media\/4620"}],"wp:attachment":[{"href":"https:\/\/www.etacarinae.org\/es\/wp-json\/wp\/v2\/media?parent=4619"}],"wp:term":[{"taxonomy":"category","embeddable":true,"href":"https:\/\/www.etacarinae.org\/es\/wp-json\/wp\/v2\/categories?post=4619"},{"taxonomy":"post_tag","embeddable":true,"href":"https:\/\/www.etacarinae.org\/es\/wp-json\/wp\/v2\/tags?post=4619"}],"curies":[{"name":"wp","href":"https:\/\/api.w.org\/{rel}","templated":true}]}}