{"id":6407,"date":"2020-01-23T16:33:40","date_gmt":"2020-01-23T15:33:40","guid":{"rendered":"https:\/\/www.etacarinae.org\/?p=6407"},"modified":"2025-05-23T12:03:05","modified_gmt":"2025-05-23T11:03:05","slug":"sustainability-day-2020","status":"publish","type":"post","link":"https:\/\/www.etacarinae.org\/de\/sustainability-day-2020\/","title":{"rendered":"TAG DER NACHHALTIGKEIT 2020"},"content":{"rendered":"<p><span style=\"color: #000000\">Sehr geehrte Damen und Herren,<\/span><\/p>\n<p><span style=\"color: #000000\">Ich freue mich, unseren j\u00e4hrlichen Nachhaltigkeitstag anzuk\u00fcndigen.<\/span><\/p>\n<p><span style=\"color: #000000\">In diesem Jahr wird die Veranstaltung aufgrund der Ver\u00f6ffentlichung des Dekrets am<sup>14.<\/sup> November und des gro\u00dfen Interesses auf den<sup>18.<\/sup> M\u00e4rz vorverlegt.<\/span><\/p>\n<p><span style=\"color: #000000\">Wir bitten Sie, uns Ihre Teilnahme so bald wie m\u00f6glich zu best\u00e4tigen: die Pl\u00e4tze sind begrenzt und die Nachfrage ist sehr gro\u00df.<\/span><\/p>\n<p><span style=\"color: #000000\">Die Kosten und der Veranstaltungsort werden in K\u00fcrze bekannt gegeben.<\/span><\/p>\n<p><span style=\"color: #000000\">Wir freuen uns darauf, Sie in Mailand wieder begr\u00fc\u00dfen zu d\u00fcrfen!<\/span><\/p>\n<p>&nbsp;<\/p>\n<p><span style=\"color: #000000\">Geliebte,<\/span><\/p>\n<p><span style=\"color: #000000\">Es ist uns eine Freude, unseren j\u00e4hrlichen Nachhaltigkeitstag anzuk\u00fcndigen.<\/span><\/p>\n<p><span style=\"color: #000000\">In diesem Jahr wird die Veranstaltung aufgrund der Ver\u00f6ffentlichung des Dekrets vom 14. November 2019 und des starken Interesses Ihrerseits auf den 18. M\u00e4rz vorverlegt.<\/span><\/p>\n<p><span style=\"color: #000000\">Bitte best\u00e4tigen Sie Ihre Teilnahme so bald wie m\u00f6glich, da die Pl\u00e4tze begrenzt sind und die Nachfrage sehr hoch ist.<\/span><\/p>\n<p><span style=\"color: #000000\">Die Kosten f\u00fcr die Anmeldung und der Ort werden in K\u00fcrze bekannt gegeben.<\/span><\/p>\n<p><span style=\"color: #000000\">Wir freuen uns darauf, Sie in Mailand begr\u00fc\u00dfen zu d\u00fcrfen!<\/span><\/p>\n","protected":false},"excerpt":{"rendered":"<p>Sehr geehrte Damen und Herren, Ich freue mich, unseren j\u00e4hrlichen Nachhaltigkeitstag anzuk\u00fcndigen. In diesem Jahr wird die Veranstaltung aufgrund der Ver\u00f6ffentlichung des Dekrets am14. November und des gro\u00dfen Interesses auf [&hellip;]<\/p>\n","protected":false},"author":6,"featured_media":6400,"comment_status":"closed","ping_status":"open","sticky":false,"template":"","format":"standard","meta":{"_et_pb_use_builder":"","_et_pb_old_content":"","_et_gb_content_width":"","footnotes":""},"categories":[510],"tags":[],"class_list":["post-6407","post","type-post","status-publish","format-standard","has-post-thumbnail","hentry","category-etacarinae-de"],"yoast_head":"<!-- This site is optimized with the Yoast SEO plugin v26.4 - https:\/\/yoast.com\/wordpress\/plugins\/seo\/ -->\n<title>TAG DER NACHHALTIGKEIT 2020 - Etacarinae S.r.l.<\/title>\n<meta name=\"robots\" content=\"index, follow, max-snippet:-1, max-image-preview:large, max-video-preview:-1\" \/>\n<link rel=\"canonical\" href=\"https:\/\/www.etacarinae.org\/de\/sustainability-day-2020\/\" \/>\n<meta property=\"og:locale\" content=\"de_DE\" \/>\n<meta property=\"og:type\" content=\"article\" \/>\n<meta property=\"og:title\" content=\"TAG DER NACHHALTIGKEIT 2020 - Etacarinae S.r.l.\" \/>\n<meta property=\"og:description\" content=\"Sehr geehrte Damen und Herren, Ich freue mich, unseren j\u00e4hrlichen Nachhaltigkeitstag anzuk\u00fcndigen. In diesem Jahr wird die Veranstaltung aufgrund der Ver\u00f6ffentlichung des Dekrets am14. November und des gro\u00dfen Interesses auf [&hellip;]\" \/>\n<meta property=\"og:url\" content=\"https:\/\/www.etacarinae.org\/de\/sustainability-day-2020\/\" \/>\n<meta property=\"og:site_name\" content=\"Etacarinae S.r.l.\" \/>\n<meta property=\"article:publisher\" content=\"https:\/\/it-it.facebook.com\/etacarinaesrl\/\" \/>\n<meta property=\"article:published_time\" content=\"2020-01-23T15:33:40+00:00\" \/>\n<meta property=\"article:modified_time\" content=\"2025-05-23T11:03:05+00:00\" \/>\n<meta property=\"og:image\" content=\"https:\/\/www.etacarinae.org\/wp-content\/uploads\/2020\/01\/Unknown.png\" \/>\n\t<meta property=\"og:image:width\" content=\"2340\" \/>\n\t<meta property=\"og:image:height\" content=\"1312\" \/>\n\t<meta property=\"og:image:type\" content=\"image\/png\" \/>\n<meta name=\"author\" content=\"fedeetsperanza\" \/>\n<meta name=\"twitter:label1\" content=\"Verfasst von\" \/>\n\t<meta name=\"twitter:data1\" content=\"fedeetsperanza\" \/>\n\t<meta name=\"twitter:label2\" content=\"Gesch\u00e4tzte Lesezeit\" \/>\n\t<meta name=\"twitter:data2\" content=\"1\u00a0Minute\" \/>\n<script type=\"application\/ld+json\" class=\"yoast-schema-graph\">{\"@context\":\"https:\/\/schema.org\",\"@graph\":[{\"@type\":\"Article\",\"@id\":\"https:\/\/www.etacarinae.org\/de\/sustainability-day-2020\/#article\",\"isPartOf\":{\"@id\":\"https:\/\/www.etacarinae.org\/de\/sustainability-day-2020\/\"},\"author\":{\"name\":\"fedeetsperanza\",\"@id\":\"https:\/\/www.etacarinae.org\/de\/#\/schema\/person\/0dbda2de310543fffb19764bebdd432b\"},\"headline\":\"TAG DER NACHHALTIGKEIT 2020\",\"datePublished\":\"2020-01-23T15:33:40+00:00\",\"dateModified\":\"2025-05-23T11:03:05+00:00\",\"mainEntityOfPage\":{\"@id\":\"https:\/\/www.etacarinae.org\/de\/sustainability-day-2020\/\"},\"wordCount\":177,\"publisher\":{\"@id\":\"https:\/\/www.etacarinae.org\/de\/#organization\"},\"image\":{\"@id\":\"https:\/\/www.etacarinae.org\/de\/sustainability-day-2020\/#primaryimage\"},\"thumbnailUrl\":\"https:\/\/www.etacarinae.org\/wp-content\/uploads\/2020\/01\/Unknown.png\",\"articleSection\":[\"etacarinae de\"],\"inLanguage\":\"de\"},{\"@type\":\"WebPage\",\"@id\":\"https:\/\/www.etacarinae.org\/de\/sustainability-day-2020\/\",\"url\":\"https:\/\/www.etacarinae.org\/de\/sustainability-day-2020\/\",\"name\":\"TAG DER NACHHALTIGKEIT 2020 - Etacarinae S.r.l.\",\"isPartOf\":{\"@id\":\"https:\/\/www.etacarinae.org\/de\/#website\"},\"primaryImageOfPage\":{\"@id\":\"https:\/\/www.etacarinae.org\/de\/sustainability-day-2020\/#primaryimage\"},\"image\":{\"@id\":\"https:\/\/www.etacarinae.org\/de\/sustainability-day-2020\/#primaryimage\"},\"thumbnailUrl\":\"https:\/\/www.etacarinae.org\/wp-content\/uploads\/2020\/01\/Unknown.png\",\"datePublished\":\"2020-01-23T15:33:40+00:00\",\"dateModified\":\"2025-05-23T11:03:05+00:00\",\"breadcrumb\":{\"@id\":\"https:\/\/www.etacarinae.org\/de\/sustainability-day-2020\/#breadcrumb\"},\"inLanguage\":\"de\",\"potentialAction\":[{\"@type\":\"ReadAction\",\"target\":[\"https:\/\/www.etacarinae.org\/de\/sustainability-day-2020\/\"]}]},{\"@type\":\"ImageObject\",\"inLanguage\":\"de\",\"@id\":\"https:\/\/www.etacarinae.org\/de\/sustainability-day-2020\/#primaryimage\",\"url\":\"https:\/\/www.etacarinae.org\/wp-content\/uploads\/2020\/01\/Unknown.png\",\"contentUrl\":\"https:\/\/www.etacarinae.org\/wp-content\/uploads\/2020\/01\/Unknown.png\",\"width\":2340,\"height\":1312},{\"@type\":\"BreadcrumbList\",\"@id\":\"https:\/\/www.etacarinae.org\/de\/sustainability-day-2020\/#breadcrumb\",\"itemListElement\":[{\"@type\":\"ListItem\",\"position\":1,\"name\":\"Home\",\"item\":\"https:\/\/www.etacarinae.org\/de\/\"},{\"@type\":\"ListItem\",\"position\":2,\"name\":\"etacarinae de\",\"item\":\"https:\/\/www.etacarinae.org\/de\/category\/etacarinae-de\/\"},{\"@type\":\"ListItem\",\"position\":3,\"name\":\"TAG DER NACHHALTIGKEIT 2020\"}]},{\"@type\":\"WebSite\",\"@id\":\"https:\/\/www.etacarinae.org\/de\/#website\",\"url\":\"https:\/\/www.etacarinae.org\/de\/\",\"name\":\"Etacarinae S.r.l.\",\"description\":\"\",\"publisher\":{\"@id\":\"https:\/\/www.etacarinae.org\/de\/#organization\"},\"potentialAction\":[{\"@type\":\"SearchAction\",\"target\":{\"@type\":\"EntryPoint\",\"urlTemplate\":\"https:\/\/www.etacarinae.org\/de\/?s={search_term_string}\"},\"query-input\":{\"@type\":\"PropertyValueSpecification\",\"valueRequired\":true,\"valueName\":\"search_term_string\"}}],\"inLanguage\":\"de\"},{\"@type\":\"Organization\",\"@id\":\"https:\/\/www.etacarinae.org\/de\/#organization\",\"name\":\"etacarinae s.r.l.\",\"url\":\"https:\/\/www.etacarinae.org\/de\/\",\"logo\":{\"@type\":\"ImageObject\",\"inLanguage\":\"de\",\"@id\":\"https:\/\/www.etacarinae.org\/de\/#\/schema\/logo\/image\/\",\"url\":\"https:\/\/www.etacarinae.org\/wp-content\/uploads\/2018\/11\/logo_etacarinae_big.png\",\"contentUrl\":\"https:\/\/www.etacarinae.org\/wp-content\/uploads\/2018\/11\/logo_etacarinae_big.png\",\"width\":350,\"height\":127,\"caption\":\"etacarinae s.r.l.\"},\"image\":{\"@id\":\"https:\/\/www.etacarinae.org\/de\/#\/schema\/logo\/image\/\"},\"sameAs\":[\"https:\/\/it-it.facebook.com\/etacarinaesrl\/\",\"https:\/\/www.linkedin.com\/company\/etacarinae-s-r-l-\/\"]},{\"@type\":\"Person\",\"@id\":\"https:\/\/www.etacarinae.org\/de\/#\/schema\/person\/0dbda2de310543fffb19764bebdd432b\",\"name\":\"fedeetsperanza\",\"image\":{\"@type\":\"ImageObject\",\"inLanguage\":\"de\",\"@id\":\"https:\/\/www.etacarinae.org\/de\/#\/schema\/person\/image\/\",\"url\":\"https:\/\/secure.gravatar.com\/avatar\/1601962ef3ffd049a9d78caefbefe0fa0526b734ed7123e95bf8b42f0cfbcc7a?s=96&d=mm&r=g\",\"contentUrl\":\"https:\/\/secure.gravatar.com\/avatar\/1601962ef3ffd049a9d78caefbefe0fa0526b734ed7123e95bf8b42f0cfbcc7a?s=96&d=mm&r=g\",\"caption\":\"fedeetsperanza\"}}]}<\/script>\n<!-- \/ Yoast SEO plugin. -->","yoast_head_json":{"title":"TAG DER NACHHALTIGKEIT 2020 - Etacarinae S.r.l.","robots":{"index":"index","follow":"follow","max-snippet":"max-snippet:-1","max-image-preview":"max-image-preview:large","max-video-preview":"max-video-preview:-1"},"canonical":"https:\/\/www.etacarinae.org\/de\/sustainability-day-2020\/","og_locale":"de_DE","og_type":"article","og_title":"TAG DER NACHHALTIGKEIT 2020 - Etacarinae S.r.l.","og_description":"Sehr geehrte Damen und Herren, Ich freue mich, unseren j\u00e4hrlichen Nachhaltigkeitstag anzuk\u00fcndigen. In diesem Jahr wird die Veranstaltung aufgrund der Ver\u00f6ffentlichung des Dekrets am14. November und des gro\u00dfen Interesses auf [&hellip;]","og_url":"https:\/\/www.etacarinae.org\/de\/sustainability-day-2020\/","og_site_name":"Etacarinae S.r.l.","article_publisher":"https:\/\/it-it.facebook.com\/etacarinaesrl\/","article_published_time":"2020-01-23T15:33:40+00:00","article_modified_time":"2025-05-23T11:03:05+00:00","og_image":[{"width":2340,"height":1312,"url":"https:\/\/www.etacarinae.org\/wp-content\/uploads\/2020\/01\/Unknown.png","type":"image\/png"}],"author":"fedeetsperanza","twitter_misc":{"Verfasst von":"fedeetsperanza","Gesch\u00e4tzte Lesezeit":"1\u00a0Minute"},"schema":{"@context":"https:\/\/schema.org","@graph":[{"@type":"Article","@id":"https:\/\/www.etacarinae.org\/de\/sustainability-day-2020\/#article","isPartOf":{"@id":"https:\/\/www.etacarinae.org\/de\/sustainability-day-2020\/"},"author":{"name":"fedeetsperanza","@id":"https:\/\/www.etacarinae.org\/de\/#\/schema\/person\/0dbda2de310543fffb19764bebdd432b"},"headline":"TAG DER NACHHALTIGKEIT 2020","datePublished":"2020-01-23T15:33:40+00:00","dateModified":"2025-05-23T11:03:05+00:00","mainEntityOfPage":{"@id":"https:\/\/www.etacarinae.org\/de\/sustainability-day-2020\/"},"wordCount":177,"publisher":{"@id":"https:\/\/www.etacarinae.org\/de\/#organization"},"image":{"@id":"https:\/\/www.etacarinae.org\/de\/sustainability-day-2020\/#primaryimage"},"thumbnailUrl":"https:\/\/www.etacarinae.org\/wp-content\/uploads\/2020\/01\/Unknown.png","articleSection":["etacarinae de"],"inLanguage":"de"},{"@type":"WebPage","@id":"https:\/\/www.etacarinae.org\/de\/sustainability-day-2020\/","url":"https:\/\/www.etacarinae.org\/de\/sustainability-day-2020\/","name":"TAG DER NACHHALTIGKEIT 2020 - Etacarinae S.r.l.","isPartOf":{"@id":"https:\/\/www.etacarinae.org\/de\/#website"},"primaryImageOfPage":{"@id":"https:\/\/www.etacarinae.org\/de\/sustainability-day-2020\/#primaryimage"},"image":{"@id":"https:\/\/www.etacarinae.org\/de\/sustainability-day-2020\/#primaryimage"},"thumbnailUrl":"https:\/\/www.etacarinae.org\/wp-content\/uploads\/2020\/01\/Unknown.png","datePublished":"2020-01-23T15:33:40+00:00","dateModified":"2025-05-23T11:03:05+00:00","breadcrumb":{"@id":"https:\/\/www.etacarinae.org\/de\/sustainability-day-2020\/#breadcrumb"},"inLanguage":"de","potentialAction":[{"@type":"ReadAction","target":["https:\/\/www.etacarinae.org\/de\/sustainability-day-2020\/"]}]},{"@type":"ImageObject","inLanguage":"de","@id":"https:\/\/www.etacarinae.org\/de\/sustainability-day-2020\/#primaryimage","url":"https:\/\/www.etacarinae.org\/wp-content\/uploads\/2020\/01\/Unknown.png","contentUrl":"https:\/\/www.etacarinae.org\/wp-content\/uploads\/2020\/01\/Unknown.png","width":2340,"height":1312},{"@type":"BreadcrumbList","@id":"https:\/\/www.etacarinae.org\/de\/sustainability-day-2020\/#breadcrumb","itemListElement":[{"@type":"ListItem","position":1,"name":"Home","item":"https:\/\/www.etacarinae.org\/de\/"},{"@type":"ListItem","position":2,"name":"etacarinae de","item":"https:\/\/www.etacarinae.org\/de\/category\/etacarinae-de\/"},{"@type":"ListItem","position":3,"name":"TAG DER NACHHALTIGKEIT 2020"}]},{"@type":"WebSite","@id":"https:\/\/www.etacarinae.org\/de\/#website","url":"https:\/\/www.etacarinae.org\/de\/","name":"Etacarinae S.r.l.","description":"","publisher":{"@id":"https:\/\/www.etacarinae.org\/de\/#organization"},"potentialAction":[{"@type":"SearchAction","target":{"@type":"EntryPoint","urlTemplate":"https:\/\/www.etacarinae.org\/de\/?s={search_term_string}"},"query-input":{"@type":"PropertyValueSpecification","valueRequired":true,"valueName":"search_term_string"}}],"inLanguage":"de"},{"@type":"Organization","@id":"https:\/\/www.etacarinae.org\/de\/#organization","name":"etacarinae s.r.l.","url":"https:\/\/www.etacarinae.org\/de\/","logo":{"@type":"ImageObject","inLanguage":"de","@id":"https:\/\/www.etacarinae.org\/de\/#\/schema\/logo\/image\/","url":"https:\/\/www.etacarinae.org\/wp-content\/uploads\/2018\/11\/logo_etacarinae_big.png","contentUrl":"https:\/\/www.etacarinae.org\/wp-content\/uploads\/2018\/11\/logo_etacarinae_big.png","width":350,"height":127,"caption":"etacarinae s.r.l."},"image":{"@id":"https:\/\/www.etacarinae.org\/de\/#\/schema\/logo\/image\/"},"sameAs":["https:\/\/it-it.facebook.com\/etacarinaesrl\/","https:\/\/www.linkedin.com\/company\/etacarinae-s-r-l-\/"]},{"@type":"Person","@id":"https:\/\/www.etacarinae.org\/de\/#\/schema\/person\/0dbda2de310543fffb19764bebdd432b","name":"fedeetsperanza","image":{"@type":"ImageObject","inLanguage":"de","@id":"https:\/\/www.etacarinae.org\/de\/#\/schema\/person\/image\/","url":"https:\/\/secure.gravatar.com\/avatar\/1601962ef3ffd049a9d78caefbefe0fa0526b734ed7123e95bf8b42f0cfbcc7a?s=96&d=mm&r=g","contentUrl":"https:\/\/secure.gravatar.com\/avatar\/1601962ef3ffd049a9d78caefbefe0fa0526b734ed7123e95bf8b42f0cfbcc7a?s=96&d=mm&r=g","caption":"fedeetsperanza"}}]}},"_links":{"self":[{"href":"https:\/\/www.etacarinae.org\/de\/wp-json\/wp\/v2\/posts\/6407","targetHints":{"allow":["GET"]}}],"collection":[{"href":"https:\/\/www.etacarinae.org\/de\/wp-json\/wp\/v2\/posts"}],"about":[{"href":"https:\/\/www.etacarinae.org\/de\/wp-json\/wp\/v2\/types\/post"}],"author":[{"embeddable":true,"href":"https:\/\/www.etacarinae.org\/de\/wp-json\/wp\/v2\/users\/6"}],"replies":[{"embeddable":true,"href":"https:\/\/www.etacarinae.org\/de\/wp-json\/wp\/v2\/comments?post=6407"}],"version-history":[{"count":2,"href":"https:\/\/www.etacarinae.org\/de\/wp-json\/wp\/v2\/posts\/6407\/revisions"}],"predecessor-version":[{"id":12304,"href":"https:\/\/www.etacarinae.org\/de\/wp-json\/wp\/v2\/posts\/6407\/revisions\/12304"}],"wp:featuredmedia":[{"embeddable":true,"href":"https:\/\/www.etacarinae.org\/de\/wp-json\/wp\/v2\/media\/6400"}],"wp:attachment":[{"href":"https:\/\/www.etacarinae.org\/de\/wp-json\/wp\/v2\/media?parent=6407"}],"wp:term":[{"taxonomy":"category","embeddable":true,"href":"https:\/\/www.etacarinae.org\/de\/wp-json\/wp\/v2\/categories?post=6407"},{"taxonomy":"post_tag","embeddable":true,"href":"https:\/\/www.etacarinae.org\/de\/wp-json\/wp\/v2\/tags?post=6407"}],"curies":[{"name":"wp","href":"https:\/\/api.w.org\/{rel}","templated":true}]}}