{"id":5005,"date":"2018-12-08T19:02:36","date_gmt":"2018-12-08T19:02:36","guid":{"rendered":"https:\/\/www.etacarinae.org\/relazione-attivita-svolta-dal-coordinamento-free-dal-21-giugno-all8-novembre-2018\/"},"modified":"2022-02-15T16:09:38","modified_gmt":"2022-02-15T15:09:38","slug":"relazione-attivita-svolta-dal-coordinamento-free-dal-21-giugno-all8-novembre-2018","status":"publish","type":"post","link":"https:\/\/www.etacarinae.org\/de\/relazione-attivita-svolta-dal-coordinamento-free-dal-21-giugno-all8-novembre-2018\/","title":{"rendered":"T\u00c4TIGKEITSBERICHT DURCH DIE KOSTENLOSE KOORDINATION VOM 21. JUNI BIS 8. NOVEMBER 2018 DURCHGEF\u00dcHRT"},"content":{"rendered":"<p>Bericht \u00fcber die von der FREE-Koordinierung durchgef\u00fchrten Aktivit\u00e4ten<\/p>\n<p>Im Anhang ist der Bericht \u00fcber die Aktivit\u00e4ten der FREE-Koordinierung vom 21. Juni 2018 bis 8. November 2018 dargestellt, den Pr\u00e4sident GB Zorzoli der ordentlichen Hauptversammlung der Mitglieder der FREE-Koordinierung vom 8. November 2018 anl\u00e4sslich der Ecomondo-Messe auf der Fiera di Rimini vorstellte Schl\u00fcsselenergie.<\/p>\n<p>Anh\u00e4nge:<br \/>\n\u2022 report-assembly-08-11-2018_def (pdf 675 KB)<\/p>\n<p>Quelle:<\/p>\n","protected":false},"excerpt":{"rendered":"<p>Bericht \u00fcber die von der FREE-Koordinierung durchgef\u00fchrten Aktivit\u00e4ten Im Anhang ist der Bericht \u00fcber die Aktivit\u00e4ten der FREE-Koordinierung vom 21. Juni 2018 bis 8. November 2018 dargestellt, den Pr\u00e4sident GB [&hellip;]<\/p>\n","protected":false},"author":6,"featured_media":4180,"comment_status":"closed","ping_status":"closed","sticky":false,"template":"","format":"standard","meta":{"_et_pb_use_builder":"","_et_pb_old_content":"","_et_gb_content_width":"","footnotes":""},"categories":[619],"tags":[],"class_list":["post-5005","post","type-post","status-publish","format-standard","has-post-thumbnail","hentry","category-freie-koordinierungsbeziehungen"],"yoast_head":"<!-- This site is optimized with the Yoast SEO plugin v26.4 - https:\/\/yoast.com\/wordpress\/plugins\/seo\/ -->\n<title>T\u00c4TIGKEITSBERICHT DURCH DIE KOSTENLOSE KOORDINATION VOM 21. JUNI BIS 8. NOVEMBER 2018 DURCHGEF\u00dcHRT - Etacarinae S.r.l.<\/title>\n<meta name=\"robots\" content=\"index, follow, max-snippet:-1, max-image-preview:large, max-video-preview:-1\" \/>\n<link rel=\"canonical\" href=\"https:\/\/www.etacarinae.org\/de\/relazione-attivita-svolta-dal-coordinamento-free-dal-21-giugno-all8-novembre-2018\/\" \/>\n<meta property=\"og:locale\" content=\"de_DE\" \/>\n<meta property=\"og:type\" content=\"article\" \/>\n<meta property=\"og:title\" content=\"T\u00c4TIGKEITSBERICHT DURCH DIE KOSTENLOSE KOORDINATION VOM 21. JUNI BIS 8. NOVEMBER 2018 DURCHGEF\u00dcHRT - Etacarinae S.r.l.\" \/>\n<meta property=\"og:description\" content=\"Bericht \u00fcber die von der FREE-Koordinierung durchgef\u00fchrten Aktivit\u00e4ten Im Anhang ist der Bericht \u00fcber die Aktivit\u00e4ten der FREE-Koordinierung vom 21. Juni 2018 bis 8. November 2018 dargestellt, den Pr\u00e4sident GB [&hellip;]\" \/>\n<meta property=\"og:url\" content=\"https:\/\/www.etacarinae.org\/de\/relazione-attivita-svolta-dal-coordinamento-free-dal-21-giugno-all8-novembre-2018\/\" \/>\n<meta property=\"og:site_name\" content=\"Etacarinae S.r.l.\" \/>\n<meta property=\"article:publisher\" content=\"https:\/\/it-it.facebook.com\/etacarinaesrl\/\" \/>\n<meta property=\"article:published_time\" content=\"2018-12-08T19:02:36+00:00\" \/>\n<meta property=\"article:modified_time\" content=\"2022-02-15T15:09:38+00:00\" \/>\n<meta property=\"og:image\" content=\"https:\/\/www.etacarinae.org\/wp-content\/uploads\/2018\/11\/sole-amico.jpg\" \/>\n\t<meta property=\"og:image:width\" content=\"800\" \/>\n\t<meta property=\"og:image:height\" content=\"445\" \/>\n\t<meta property=\"og:image:type\" content=\"image\/jpeg\" \/>\n<meta name=\"author\" content=\"fedeetsperanza\" \/>\n<meta name=\"twitter:label1\" content=\"Verfasst von\" \/>\n\t<meta name=\"twitter:data1\" content=\"fedeetsperanza\" \/>\n<script type=\"application\/ld+json\" class=\"yoast-schema-graph\">{\"@context\":\"https:\/\/schema.org\",\"@graph\":[{\"@type\":\"Article\",\"@id\":\"https:\/\/www.etacarinae.org\/de\/relazione-attivita-svolta-dal-coordinamento-free-dal-21-giugno-all8-novembre-2018\/#article\",\"isPartOf\":{\"@id\":\"https:\/\/www.etacarinae.org\/de\/relazione-attivita-svolta-dal-coordinamento-free-dal-21-giugno-all8-novembre-2018\/\"},\"author\":{\"name\":\"fedeetsperanza\",\"@id\":\"https:\/\/www.etacarinae.org\/de\/#\/schema\/person\/0dbda2de310543fffb19764bebdd432b\"},\"headline\":\"T\u00c4TIGKEITSBERICHT DURCH DIE KOSTENLOSE KOORDINATION VOM 21. JUNI BIS 8. NOVEMBER 2018 DURCHGEF\u00dcHRT\",\"datePublished\":\"2018-12-08T19:02:36+00:00\",\"dateModified\":\"2022-02-15T15:09:38+00:00\",\"mainEntityOfPage\":{\"@id\":\"https:\/\/www.etacarinae.org\/de\/relazione-attivita-svolta-dal-coordinamento-free-dal-21-giugno-all8-novembre-2018\/\"},\"wordCount\":73,\"publisher\":{\"@id\":\"https:\/\/www.etacarinae.org\/de\/#organization\"},\"image\":{\"@id\":\"https:\/\/www.etacarinae.org\/de\/relazione-attivita-svolta-dal-coordinamento-free-dal-21-giugno-all8-novembre-2018\/#primaryimage\"},\"thumbnailUrl\":\"https:\/\/www.etacarinae.org\/wp-content\/uploads\/2018\/11\/sole-amico.jpg\",\"articleSection\":[\"Freie Koordinierungsbeziehungen\"],\"inLanguage\":\"de\"},{\"@type\":\"WebPage\",\"@id\":\"https:\/\/www.etacarinae.org\/de\/relazione-attivita-svolta-dal-coordinamento-free-dal-21-giugno-all8-novembre-2018\/\",\"url\":\"https:\/\/www.etacarinae.org\/de\/relazione-attivita-svolta-dal-coordinamento-free-dal-21-giugno-all8-novembre-2018\/\",\"name\":\"T\u00c4TIGKEITSBERICHT DURCH DIE KOSTENLOSE KOORDINATION VOM 21. JUNI BIS 8. NOVEMBER 2018 DURCHGEF\u00dcHRT - Etacarinae S.r.l.\",\"isPartOf\":{\"@id\":\"https:\/\/www.etacarinae.org\/de\/#website\"},\"primaryImageOfPage\":{\"@id\":\"https:\/\/www.etacarinae.org\/de\/relazione-attivita-svolta-dal-coordinamento-free-dal-21-giugno-all8-novembre-2018\/#primaryimage\"},\"image\":{\"@id\":\"https:\/\/www.etacarinae.org\/de\/relazione-attivita-svolta-dal-coordinamento-free-dal-21-giugno-all8-novembre-2018\/#primaryimage\"},\"thumbnailUrl\":\"https:\/\/www.etacarinae.org\/wp-content\/uploads\/2018\/11\/sole-amico.jpg\",\"datePublished\":\"2018-12-08T19:02:36+00:00\",\"dateModified\":\"2022-02-15T15:09:38+00:00\",\"breadcrumb\":{\"@id\":\"https:\/\/www.etacarinae.org\/de\/relazione-attivita-svolta-dal-coordinamento-free-dal-21-giugno-all8-novembre-2018\/#breadcrumb\"},\"inLanguage\":\"de\",\"potentialAction\":[{\"@type\":\"ReadAction\",\"target\":[\"https:\/\/www.etacarinae.org\/de\/relazione-attivita-svolta-dal-coordinamento-free-dal-21-giugno-all8-novembre-2018\/\"]}]},{\"@type\":\"ImageObject\",\"inLanguage\":\"de\",\"@id\":\"https:\/\/www.etacarinae.org\/de\/relazione-attivita-svolta-dal-coordinamento-free-dal-21-giugno-all8-novembre-2018\/#primaryimage\",\"url\":\"https:\/\/www.etacarinae.org\/wp-content\/uploads\/2018\/11\/sole-amico.jpg\",\"contentUrl\":\"https:\/\/www.etacarinae.org\/wp-content\/uploads\/2018\/11\/sole-amico.jpg\",\"width\":800,\"height\":445},{\"@type\":\"BreadcrumbList\",\"@id\":\"https:\/\/www.etacarinae.org\/de\/relazione-attivita-svolta-dal-coordinamento-free-dal-21-giugno-all8-novembre-2018\/#breadcrumb\",\"itemListElement\":[{\"@type\":\"ListItem\",\"position\":1,\"name\":\"Home\",\"item\":\"https:\/\/www.etacarinae.org\/de\/\"},{\"@type\":\"ListItem\",\"position\":2,\"name\":\"Freie Koordinierungsbeziehungen\",\"item\":\"https:\/\/www.etacarinae.org\/de\/category\/freie-koordinierungsbeziehungen\/\"},{\"@type\":\"ListItem\",\"position\":3,\"name\":\"T\u00c4TIGKEITSBERICHT DURCH DIE KOSTENLOSE KOORDINATION VOM 21. JUNI BIS 8. NOVEMBER 2018 DURCHGEF\u00dcHRT\"}]},{\"@type\":\"WebSite\",\"@id\":\"https:\/\/www.etacarinae.org\/de\/#website\",\"url\":\"https:\/\/www.etacarinae.org\/de\/\",\"name\":\"Etacarinae S.r.l.\",\"description\":\"\",\"publisher\":{\"@id\":\"https:\/\/www.etacarinae.org\/de\/#organization\"},\"potentialAction\":[{\"@type\":\"SearchAction\",\"target\":{\"@type\":\"EntryPoint\",\"urlTemplate\":\"https:\/\/www.etacarinae.org\/de\/?s={search_term_string}\"},\"query-input\":{\"@type\":\"PropertyValueSpecification\",\"valueRequired\":true,\"valueName\":\"search_term_string\"}}],\"inLanguage\":\"de\"},{\"@type\":\"Organization\",\"@id\":\"https:\/\/www.etacarinae.org\/de\/#organization\",\"name\":\"etacarinae s.r.l.\",\"url\":\"https:\/\/www.etacarinae.org\/de\/\",\"logo\":{\"@type\":\"ImageObject\",\"inLanguage\":\"de\",\"@id\":\"https:\/\/www.etacarinae.org\/de\/#\/schema\/logo\/image\/\",\"url\":\"https:\/\/www.etacarinae.org\/wp-content\/uploads\/2018\/11\/logo_etacarinae_big.png\",\"contentUrl\":\"https:\/\/www.etacarinae.org\/wp-content\/uploads\/2018\/11\/logo_etacarinae_big.png\",\"width\":350,\"height\":127,\"caption\":\"etacarinae s.r.l.\"},\"image\":{\"@id\":\"https:\/\/www.etacarinae.org\/de\/#\/schema\/logo\/image\/\"},\"sameAs\":[\"https:\/\/it-it.facebook.com\/etacarinaesrl\/\",\"https:\/\/www.linkedin.com\/company\/etacarinae-s-r-l-\/\"]},{\"@type\":\"Person\",\"@id\":\"https:\/\/www.etacarinae.org\/de\/#\/schema\/person\/0dbda2de310543fffb19764bebdd432b\",\"name\":\"fedeetsperanza\",\"image\":{\"@type\":\"ImageObject\",\"inLanguage\":\"de\",\"@id\":\"https:\/\/www.etacarinae.org\/de\/#\/schema\/person\/image\/\",\"url\":\"https:\/\/secure.gravatar.com\/avatar\/1601962ef3ffd049a9d78caefbefe0fa0526b734ed7123e95bf8b42f0cfbcc7a?s=96&d=mm&r=g\",\"contentUrl\":\"https:\/\/secure.gravatar.com\/avatar\/1601962ef3ffd049a9d78caefbefe0fa0526b734ed7123e95bf8b42f0cfbcc7a?s=96&d=mm&r=g\",\"caption\":\"fedeetsperanza\"}}]}<\/script>\n<!-- \/ Yoast SEO plugin. -->","yoast_head_json":{"title":"T\u00c4TIGKEITSBERICHT DURCH DIE KOSTENLOSE KOORDINATION VOM 21. JUNI BIS 8. NOVEMBER 2018 DURCHGEF\u00dcHRT - Etacarinae S.r.l.","robots":{"index":"index","follow":"follow","max-snippet":"max-snippet:-1","max-image-preview":"max-image-preview:large","max-video-preview":"max-video-preview:-1"},"canonical":"https:\/\/www.etacarinae.org\/de\/relazione-attivita-svolta-dal-coordinamento-free-dal-21-giugno-all8-novembre-2018\/","og_locale":"de_DE","og_type":"article","og_title":"T\u00c4TIGKEITSBERICHT DURCH DIE KOSTENLOSE KOORDINATION VOM 21. JUNI BIS 8. NOVEMBER 2018 DURCHGEF\u00dcHRT - Etacarinae S.r.l.","og_description":"Bericht \u00fcber die von der FREE-Koordinierung durchgef\u00fchrten Aktivit\u00e4ten Im Anhang ist der Bericht \u00fcber die Aktivit\u00e4ten der FREE-Koordinierung vom 21. Juni 2018 bis 8. November 2018 dargestellt, den Pr\u00e4sident GB [&hellip;]","og_url":"https:\/\/www.etacarinae.org\/de\/relazione-attivita-svolta-dal-coordinamento-free-dal-21-giugno-all8-novembre-2018\/","og_site_name":"Etacarinae S.r.l.","article_publisher":"https:\/\/it-it.facebook.com\/etacarinaesrl\/","article_published_time":"2018-12-08T19:02:36+00:00","article_modified_time":"2022-02-15T15:09:38+00:00","og_image":[{"width":800,"height":445,"url":"https:\/\/www.etacarinae.org\/wp-content\/uploads\/2018\/11\/sole-amico.jpg","type":"image\/jpeg"}],"author":"fedeetsperanza","twitter_misc":{"Verfasst von":"fedeetsperanza"},"schema":{"@context":"https:\/\/schema.org","@graph":[{"@type":"Article","@id":"https:\/\/www.etacarinae.org\/de\/relazione-attivita-svolta-dal-coordinamento-free-dal-21-giugno-all8-novembre-2018\/#article","isPartOf":{"@id":"https:\/\/www.etacarinae.org\/de\/relazione-attivita-svolta-dal-coordinamento-free-dal-21-giugno-all8-novembre-2018\/"},"author":{"name":"fedeetsperanza","@id":"https:\/\/www.etacarinae.org\/de\/#\/schema\/person\/0dbda2de310543fffb19764bebdd432b"},"headline":"T\u00c4TIGKEITSBERICHT DURCH DIE KOSTENLOSE KOORDINATION VOM 21. JUNI BIS 8. NOVEMBER 2018 DURCHGEF\u00dcHRT","datePublished":"2018-12-08T19:02:36+00:00","dateModified":"2022-02-15T15:09:38+00:00","mainEntityOfPage":{"@id":"https:\/\/www.etacarinae.org\/de\/relazione-attivita-svolta-dal-coordinamento-free-dal-21-giugno-all8-novembre-2018\/"},"wordCount":73,"publisher":{"@id":"https:\/\/www.etacarinae.org\/de\/#organization"},"image":{"@id":"https:\/\/www.etacarinae.org\/de\/relazione-attivita-svolta-dal-coordinamento-free-dal-21-giugno-all8-novembre-2018\/#primaryimage"},"thumbnailUrl":"https:\/\/www.etacarinae.org\/wp-content\/uploads\/2018\/11\/sole-amico.jpg","articleSection":["Freie Koordinierungsbeziehungen"],"inLanguage":"de"},{"@type":"WebPage","@id":"https:\/\/www.etacarinae.org\/de\/relazione-attivita-svolta-dal-coordinamento-free-dal-21-giugno-all8-novembre-2018\/","url":"https:\/\/www.etacarinae.org\/de\/relazione-attivita-svolta-dal-coordinamento-free-dal-21-giugno-all8-novembre-2018\/","name":"T\u00c4TIGKEITSBERICHT DURCH DIE KOSTENLOSE KOORDINATION VOM 21. JUNI BIS 8. NOVEMBER 2018 DURCHGEF\u00dcHRT - Etacarinae S.r.l.","isPartOf":{"@id":"https:\/\/www.etacarinae.org\/de\/#website"},"primaryImageOfPage":{"@id":"https:\/\/www.etacarinae.org\/de\/relazione-attivita-svolta-dal-coordinamento-free-dal-21-giugno-all8-novembre-2018\/#primaryimage"},"image":{"@id":"https:\/\/www.etacarinae.org\/de\/relazione-attivita-svolta-dal-coordinamento-free-dal-21-giugno-all8-novembre-2018\/#primaryimage"},"thumbnailUrl":"https:\/\/www.etacarinae.org\/wp-content\/uploads\/2018\/11\/sole-amico.jpg","datePublished":"2018-12-08T19:02:36+00:00","dateModified":"2022-02-15T15:09:38+00:00","breadcrumb":{"@id":"https:\/\/www.etacarinae.org\/de\/relazione-attivita-svolta-dal-coordinamento-free-dal-21-giugno-all8-novembre-2018\/#breadcrumb"},"inLanguage":"de","potentialAction":[{"@type":"ReadAction","target":["https:\/\/www.etacarinae.org\/de\/relazione-attivita-svolta-dal-coordinamento-free-dal-21-giugno-all8-novembre-2018\/"]}]},{"@type":"ImageObject","inLanguage":"de","@id":"https:\/\/www.etacarinae.org\/de\/relazione-attivita-svolta-dal-coordinamento-free-dal-21-giugno-all8-novembre-2018\/#primaryimage","url":"https:\/\/www.etacarinae.org\/wp-content\/uploads\/2018\/11\/sole-amico.jpg","contentUrl":"https:\/\/www.etacarinae.org\/wp-content\/uploads\/2018\/11\/sole-amico.jpg","width":800,"height":445},{"@type":"BreadcrumbList","@id":"https:\/\/www.etacarinae.org\/de\/relazione-attivita-svolta-dal-coordinamento-free-dal-21-giugno-all8-novembre-2018\/#breadcrumb","itemListElement":[{"@type":"ListItem","position":1,"name":"Home","item":"https:\/\/www.etacarinae.org\/de\/"},{"@type":"ListItem","position":2,"name":"Freie Koordinierungsbeziehungen","item":"https:\/\/www.etacarinae.org\/de\/category\/freie-koordinierungsbeziehungen\/"},{"@type":"ListItem","position":3,"name":"T\u00c4TIGKEITSBERICHT DURCH DIE KOSTENLOSE KOORDINATION VOM 21. JUNI BIS 8. NOVEMBER 2018 DURCHGEF\u00dcHRT"}]},{"@type":"WebSite","@id":"https:\/\/www.etacarinae.org\/de\/#website","url":"https:\/\/www.etacarinae.org\/de\/","name":"Etacarinae S.r.l.","description":"","publisher":{"@id":"https:\/\/www.etacarinae.org\/de\/#organization"},"potentialAction":[{"@type":"SearchAction","target":{"@type":"EntryPoint","urlTemplate":"https:\/\/www.etacarinae.org\/de\/?s={search_term_string}"},"query-input":{"@type":"PropertyValueSpecification","valueRequired":true,"valueName":"search_term_string"}}],"inLanguage":"de"},{"@type":"Organization","@id":"https:\/\/www.etacarinae.org\/de\/#organization","name":"etacarinae s.r.l.","url":"https:\/\/www.etacarinae.org\/de\/","logo":{"@type":"ImageObject","inLanguage":"de","@id":"https:\/\/www.etacarinae.org\/de\/#\/schema\/logo\/image\/","url":"https:\/\/www.etacarinae.org\/wp-content\/uploads\/2018\/11\/logo_etacarinae_big.png","contentUrl":"https:\/\/www.etacarinae.org\/wp-content\/uploads\/2018\/11\/logo_etacarinae_big.png","width":350,"height":127,"caption":"etacarinae s.r.l."},"image":{"@id":"https:\/\/www.etacarinae.org\/de\/#\/schema\/logo\/image\/"},"sameAs":["https:\/\/it-it.facebook.com\/etacarinaesrl\/","https:\/\/www.linkedin.com\/company\/etacarinae-s-r-l-\/"]},{"@type":"Person","@id":"https:\/\/www.etacarinae.org\/de\/#\/schema\/person\/0dbda2de310543fffb19764bebdd432b","name":"fedeetsperanza","image":{"@type":"ImageObject","inLanguage":"de","@id":"https:\/\/www.etacarinae.org\/de\/#\/schema\/person\/image\/","url":"https:\/\/secure.gravatar.com\/avatar\/1601962ef3ffd049a9d78caefbefe0fa0526b734ed7123e95bf8b42f0cfbcc7a?s=96&d=mm&r=g","contentUrl":"https:\/\/secure.gravatar.com\/avatar\/1601962ef3ffd049a9d78caefbefe0fa0526b734ed7123e95bf8b42f0cfbcc7a?s=96&d=mm&r=g","caption":"fedeetsperanza"}}]}},"_links":{"self":[{"href":"https:\/\/www.etacarinae.org\/de\/wp-json\/wp\/v2\/posts\/5005","targetHints":{"allow":["GET"]}}],"collection":[{"href":"https:\/\/www.etacarinae.org\/de\/wp-json\/wp\/v2\/posts"}],"about":[{"href":"https:\/\/www.etacarinae.org\/de\/wp-json\/wp\/v2\/types\/post"}],"author":[{"embeddable":true,"href":"https:\/\/www.etacarinae.org\/de\/wp-json\/wp\/v2\/users\/6"}],"replies":[{"embeddable":true,"href":"https:\/\/www.etacarinae.org\/de\/wp-json\/wp\/v2\/comments?post=5005"}],"version-history":[{"count":3,"href":"https:\/\/www.etacarinae.org\/de\/wp-json\/wp\/v2\/posts\/5005\/revisions"}],"predecessor-version":[{"id":7304,"href":"https:\/\/www.etacarinae.org\/de\/wp-json\/wp\/v2\/posts\/5005\/revisions\/7304"}],"wp:featuredmedia":[{"embeddable":true,"href":"https:\/\/www.etacarinae.org\/de\/wp-json\/wp\/v2\/media\/4180"}],"wp:attachment":[{"href":"https:\/\/www.etacarinae.org\/de\/wp-json\/wp\/v2\/media?parent=5005"}],"wp:term":[{"taxonomy":"category","embeddable":true,"href":"https:\/\/www.etacarinae.org\/de\/wp-json\/wp\/v2\/categories?post=5005"},{"taxonomy":"post_tag","embeddable":true,"href":"https:\/\/www.etacarinae.org\/de\/wp-json\/wp\/v2\/tags?post=5005"}],"curies":[{"name":"wp","href":"https:\/\/api.w.org\/{rel}","templated":true}]}}